{"id":221451,"date":"2022-03-04T22:07:52","date_gmt":"2022-03-04T20:07:52","guid":{"rendered":"http:\/\/107.6.182.27\/es\/?p=221451"},"modified":"2023-01-10T16:38:12","modified_gmt":"2023-01-10T14:38:12","slug":"diputado-ucraniano-confirma-que-zelensky-abandono-ucrania-hacia-polonia","status":"publish","type":"post","link":"https:\/\/archive.sana.sy\/es\/?p=221451","title":{"rendered":"Diputado ucraniano confirma que Zelensky abandon\u00f3 Ucrania hacia Polonia"},"content":{"rendered":"<p style=\"text-align: justify;\"><span style=\"color: #800000;\"><strong>Kiev, 4 mar (SANA)\u00a0<\/strong><\/span>\u00a0 El diputado en el parlamento ucraniano, Ilya Kiva, revel\u00f3 que el presidente de su pa\u00eds, Vladimir Zelensky, abandon\u00f3 Ucrania y se dirigi\u00f3 a Polonia.<\/p>\n<p style=\"text-align: justify;\">&#8220;Me acaban de confirmar que el comandante en jefe de las Fuerzas Armadas de Ucrania, el presidente Vladimir Zelensky, cruz\u00f3 hoy la frontera entre Ucrania y Polonia, y ahora est\u00e1 a salvo en la embajada de Estados Unidos all\u00ed&#8221;, dijo Kiva en un video publicado en Twitter.<\/p>\n<p style=\"text-align: justify;\">El parlamentario denunci\u00f3 la posici\u00f3n del presidente del pa\u00eds y dijo que Zelensky continuar\u00e1 emitir \u00f3rdenes irrazonables que costar\u00e1n miles de vidas.<\/p>\n<p style=\"text-align: justify;\">fm<\/p>\n","protected":false},"excerpt":{"rendered":"<p>Kiev, 4 mar (SANA)\u00a0\u00a0 El diputado en el parlamento ucraniano, Ilya Kiva, revel\u00f3 que el presidente de su pa\u00eds, Vladimir Zelensky, abandon\u00f3 Ucrania y se dirigi\u00f3 a Polonia. &#8220;Me acaban de confirmar que el comandante en jefe de las Fuerzas Armadas de Ucrania, el presidente Vladimir Zelensky, cruz\u00f3 hoy la frontera entre Ucrania y Polonia, &hellip;<\/p>\n","protected":false},"author":34,"featured_media":221452,"comment_status":"closed","ping_status":"closed","sticky":false,"template":"","format":"standard","meta":{"footnotes":""},"categories":[597,456],"tags":[],"class_list":["post-221451","post","type-post","status-publish","format-standard","has-post-thumbnail","","category-cinta-de-noticias","category-arabe-internacional-politica"],"_links":{"self":[{"href":"https:\/\/archive.sana.sy\/es\/index.php?rest_route=\/wp\/v2\/posts\/221451"}],"collection":[{"href":"https:\/\/archive.sana.sy\/es\/index.php?rest_route=\/wp\/v2\/posts"}],"about":[{"href":"https:\/\/archive.sana.sy\/es\/index.php?rest_route=\/wp\/v2\/types\/post"}],"author":[{"embeddable":true,"href":"https:\/\/archive.sana.sy\/es\/index.php?rest_route=\/wp\/v2\/users\/34"}],"replies":[{"embeddable":true,"href":"https:\/\/archive.sana.sy\/es\/index.php?rest_route=%2Fwp%2Fv2%2Fcomments&post=221451"}],"version-history":[{"count":0,"href":"https:\/\/archive.sana.sy\/es\/index.php?rest_route=\/wp\/v2\/posts\/221451\/revisions"}],"wp:featuredmedia":[{"embeddable":true,"href":"https:\/\/archive.sana.sy\/es\/index.php?rest_route=\/wp\/v2\/media\/221452"}],"wp:attachment":[{"href":"https:\/\/archive.sana.sy\/es\/index.php?rest_route=%2Fwp%2Fv2%2Fmedia&parent=221451"}],"wp:term":[{"taxonomy":"category","embeddable":true,"href":"https:\/\/archive.sana.sy\/es\/index.php?rest_route=%2Fwp%2Fv2%2Fcategories&post=221451"},{"taxonomy":"post_tag","embeddable":true,"href":"https:\/\/archive.sana.sy\/es\/index.php?rest_route=%2Fwp%2Fv2%2Ftags&post=221451"}],"curies":[{"name":"wp","href":"https:\/\/api.w.org\/{rel}","templated":true}]}}