{"id":22151,"date":"2015-04-29T12:20:44","date_gmt":"2015-04-29T09:20:44","guid":{"rendered":"http:\/\/www.sana.sy\/es\/?p=22151"},"modified":"2023-01-09T14:10:12","modified_gmt":"2023-01-09T12:10:12","slug":"3-martires-y-4-heridos-en-un-ataque-terrorista-en-la-ciudad-de-alepo","status":"publish","type":"post","link":"https:\/\/archive.sana.sy\/es\/?p=22151","title":{"rendered":"3 m\u00e1rtires y 4 heridos en un ataque terrorista en  la ciudad de Alepo"},"content":{"rendered":"<p style=\"text-align: justify\"><span style=\"color: #0000ff\">Alepo-SANA<\/span><\/p>\n<p>Los terroristas volvieron hoy martes a atacar la ciudad de Alepo con misiles, causando varias v\u00edctimas mortales y heridos.<\/p>\n<p>Una fuente policial inform\u00f3 que terroristas atrincherados en el barrio de Bani Zaid dispararon este martes un proyectil de mortero\u00a0 y misiles contra el barrio de al-Sabil en la ciudad norte\u00f1a, dejando tres muertos, entre ellos un padre junto a sus dos\u00a0 ni\u00f1os, y 4 heridos entre ellos una madre, adem\u00e1s de da\u00f1os materiales en las propiedades privadas.<\/p>\n<p>Es de se\u00f1alar que 6 personas perdieron la vida el domingo pasado en ataques terroristas similares contra los barrios de al-Nil, Shihan, al-Telal, y en la periferia del palacio Municipal en la ciudad de Alepo.<\/p>\n<p><span style=\"color: #800000\">M.Miri, Riad. Sh<\/span><\/p>\n","protected":false},"excerpt":{"rendered":"<p>Alepo-SANA Los terroristas volvieron hoy martes a atacar la ciudad de Alepo con misiles, causando varias v\u00edctimas mortales y heridos. Una fuente policial inform\u00f3 que terroristas atrincherados en el barrio de Bani Zaid dispararon este martes un proyectil de mortero\u00a0 y misiles contra el barrio de al-Sabil en la ciudad norte\u00f1a, dejando tres muertos, entre &hellip;<\/p>\n","protected":false},"author":1,"featured_media":3592,"comment_status":"closed","ping_status":"closed","sticky":false,"template":"","format":"standard","meta":{"footnotes":""},"categories":[477,573,476],"tags":[5042],"class_list":["post-22151","post","type-post","status-publish","format-standard","has-post-thumbnail","","category-noticias-edulcorantes","category-la-realidad-de-los-acontecimientos-en-siria","category-locales","tag-3-martires-y-4-heridos-en-un-ataque-terrorista-en-la-ciudad-de-alepo"],"_links":{"self":[{"href":"https:\/\/archive.sana.sy\/es\/index.php?rest_route=\/wp\/v2\/posts\/22151"}],"collection":[{"href":"https:\/\/archive.sana.sy\/es\/index.php?rest_route=\/wp\/v2\/posts"}],"about":[{"href":"https:\/\/archive.sana.sy\/es\/index.php?rest_route=\/wp\/v2\/types\/post"}],"author":[{"embeddable":true,"href":"https:\/\/archive.sana.sy\/es\/index.php?rest_route=\/wp\/v2\/users\/1"}],"replies":[{"embeddable":true,"href":"https:\/\/archive.sana.sy\/es\/index.php?rest_route=%2Fwp%2Fv2%2Fcomments&post=22151"}],"version-history":[{"count":0,"href":"https:\/\/archive.sana.sy\/es\/index.php?rest_route=\/wp\/v2\/posts\/22151\/revisions"}],"wp:featuredmedia":[{"embeddable":true,"href":"https:\/\/archive.sana.sy\/es\/index.php?rest_route=\/wp\/v2\/media\/3592"}],"wp:attachment":[{"href":"https:\/\/archive.sana.sy\/es\/index.php?rest_route=%2Fwp%2Fv2%2Fmedia&parent=22151"}],"wp:term":[{"taxonomy":"category","embeddable":true,"href":"https:\/\/archive.sana.sy\/es\/index.php?rest_route=%2Fwp%2Fv2%2Fcategories&post=22151"},{"taxonomy":"post_tag","embeddable":true,"href":"https:\/\/archive.sana.sy\/es\/index.php?rest_route=%2Fwp%2Fv2%2Ftags&post=22151"}],"curies":[{"name":"wp","href":"https:\/\/api.w.org\/{rel}","templated":true}]}}