{"id":221517,"date":"2022-03-05T15:18:41","date_gmt":"2022-03-05T13:18:41","guid":{"rendered":"http:\/\/107.6.182.27\/es\/?p=221517"},"modified":"2023-01-10T16:38:11","modified_gmt":"2023-01-10T14:38:11","slug":"putin-la-posicion-occidental-sobre-ucrania-parece-un-teatro-del-absurdo","status":"publish","type":"post","link":"https:\/\/archive.sana.sy\/es\/?p=221517","title":{"rendered":"Putin: la posici\u00f3n occidental sobre Ucrania parece un &#8220;teatro del absurdo&#8221;"},"content":{"rendered":"<p style=\"text-align: justify;\"><span style=\"color: #800000;\"><strong>Mosc\u00fa, 5 mar (SANA)\u00a0 \u00a0<\/strong><\/span>El presidente de Rusia, Vlad\u00edmir Putin, afirm\u00f3 este viernes que la OTAN apoya a Ucrania porque esta \u00faltima est\u00e1 en contra de Rusia.<\/p>\n<p style=\"text-align: justify;\">\u201cEl lanzamiento de una operaci\u00f3n militar especial en Ucrania fue una &#8220;decisi\u00f3n dif\u00edcil&#8221;, pero no podemos hacer caso omiso a las reales amenazas contra nuestra seguridad\u201d, manifest\u00f3 el mandatario.<\/p>\n<p style=\"text-align: justify;\">Asegur\u00f3 que la operaci\u00f3n especial rusa en Ucrania fue una decisi\u00f3n dura, pero necesaria para poner fin al sufrimiento de la poblaci\u00f3n de Donb\u00e1s.<\/p>\n<p style=\"text-align: justify;\">Asimismo, calific\u00f3 la posici\u00f3n occidental sobre Ucrania como un &#8220;teatro del absurdo&#8221;.<\/p>\n<p style=\"text-align: justify;\">fm\/sm<\/p>\n","protected":false},"excerpt":{"rendered":"<p>Mosc\u00fa, 5 mar (SANA)\u00a0 \u00a0El presidente de Rusia, Vlad\u00edmir Putin, afirm\u00f3 este viernes que la OTAN apoya a Ucrania porque esta \u00faltima est\u00e1 en contra de Rusia. \u201cEl lanzamiento de una operaci\u00f3n militar especial en Ucrania fue una &#8220;decisi\u00f3n dif\u00edcil&#8221;, pero no podemos hacer caso omiso a las reales amenazas contra nuestra seguridad\u201d, manifest\u00f3 el &hellip;<\/p>\n","protected":false},"author":39,"featured_media":221556,"comment_status":"closed","ping_status":"closed","sticky":false,"template":"","format":"standard","meta":{"footnotes":""},"categories":[597,456,476],"tags":[],"class_list":["post-221517","post","type-post","status-publish","format-standard","has-post-thumbnail","","category-cinta-de-noticias","category-arabe-internacional-politica","category-locales"],"_links":{"self":[{"href":"https:\/\/archive.sana.sy\/es\/index.php?rest_route=\/wp\/v2\/posts\/221517"}],"collection":[{"href":"https:\/\/archive.sana.sy\/es\/index.php?rest_route=\/wp\/v2\/posts"}],"about":[{"href":"https:\/\/archive.sana.sy\/es\/index.php?rest_route=\/wp\/v2\/types\/post"}],"author":[{"embeddable":true,"href":"https:\/\/archive.sana.sy\/es\/index.php?rest_route=\/wp\/v2\/users\/39"}],"replies":[{"embeddable":true,"href":"https:\/\/archive.sana.sy\/es\/index.php?rest_route=%2Fwp%2Fv2%2Fcomments&post=221517"}],"version-history":[{"count":0,"href":"https:\/\/archive.sana.sy\/es\/index.php?rest_route=\/wp\/v2\/posts\/221517\/revisions"}],"wp:featuredmedia":[{"embeddable":true,"href":"https:\/\/archive.sana.sy\/es\/index.php?rest_route=\/wp\/v2\/media\/221556"}],"wp:attachment":[{"href":"https:\/\/archive.sana.sy\/es\/index.php?rest_route=%2Fwp%2Fv2%2Fmedia&parent=221517"}],"wp:term":[{"taxonomy":"category","embeddable":true,"href":"https:\/\/archive.sana.sy\/es\/index.php?rest_route=%2Fwp%2Fv2%2Fcategories&post=221517"},{"taxonomy":"post_tag","embeddable":true,"href":"https:\/\/archive.sana.sy\/es\/index.php?rest_route=%2Fwp%2Fv2%2Ftags&post=221517"}],"curies":[{"name":"wp","href":"https:\/\/api.w.org\/{rel}","templated":true}]}}