{"id":221520,"date":"2022-03-05T16:00:51","date_gmt":"2022-03-05T14:00:51","guid":{"rendered":"http:\/\/107.6.182.27\/es\/?p=221520"},"modified":"2023-01-10T16:38:10","modified_gmt":"2023-01-10T14:38:10","slug":"los-servicios-de-inteligencia-ucranianos-asesinan-a-un-miembro-de-la-delegacion-ucraniana-que-negociaba-con-rusia","status":"publish","type":"post","link":"https:\/\/archive.sana.sy\/es\/?p=221520","title":{"rendered":"Los servicios de inteligencia ucranianos asesinan a un miembro de la delegaci\u00f3n ucraniana que negociaba con Rusia"},"content":{"rendered":"<p style=\"text-align: justify;\"><span style=\"color: #800000;\"><strong>Kiev, 5 mar (SANA)\u00a0 \u00a0<\/strong><\/span>El diputado en el parlamento ucraniano Aleksei Goncharenko, revel\u00f3 hoy que los servicios de seguridad ucranianos asesinaron a Denis Kiriev, miembro de la delegaci\u00f3n ucraniana que participaba en las negociaciones con Rusia, tras cuestionar su lealtad y acusarlo de traici\u00f3n.<\/p>\n<p style=\"text-align: justify;\">Goncharenko dijo hoy en su p\u00e1gina en Telegram que se enter\u00f3 por fuentes pol\u00edticas que los servicios de seguridad ucranianos ten\u00edan datos precisos sobre la comisi\u00f3n del delito de alta traici\u00f3n por parte de Kiriev, y por ello se deshicieron de \u00e9l.<\/p>\n<p style=\"text-align: justify;\">Algunos medios de comunicaci\u00f3n hab\u00edan difundido previamente que Kiriev particip\u00f3 en la primera ronda de negociaciones ruso-ucranianas que tuvo lugar en la provincia bielorrusa de Gomel el 28 de febrero.<\/p>\n<p style=\"text-align: justify;\">fm\/sm<\/p>\n","protected":false},"excerpt":{"rendered":"<p>Kiev, 5 mar (SANA)\u00a0 \u00a0El diputado en el parlamento ucraniano Aleksei Goncharenko, revel\u00f3 hoy que los servicios de seguridad ucranianos asesinaron a Denis Kiriev, miembro de la delegaci\u00f3n ucraniana que participaba en las negociaciones con Rusia, tras cuestionar su lealtad y acusarlo de traici\u00f3n. Goncharenko dijo hoy en su p\u00e1gina en Telegram que se enter\u00f3 &hellip;<\/p>\n","protected":false},"author":39,"featured_media":221521,"comment_status":"closed","ping_status":"closed","sticky":false,"template":"","format":"standard","meta":{"footnotes":""},"categories":[597,456,457,7541],"tags":[],"class_list":["post-221520","post","type-post","status-publish","format-standard","has-post-thumbnail","","category-cinta-de-noticias","category-arabe-internacional-politica","category-noticias-arabe-internacional-politica","category-ultimas-noticias"],"_links":{"self":[{"href":"https:\/\/archive.sana.sy\/es\/index.php?rest_route=\/wp\/v2\/posts\/221520"}],"collection":[{"href":"https:\/\/archive.sana.sy\/es\/index.php?rest_route=\/wp\/v2\/posts"}],"about":[{"href":"https:\/\/archive.sana.sy\/es\/index.php?rest_route=\/wp\/v2\/types\/post"}],"author":[{"embeddable":true,"href":"https:\/\/archive.sana.sy\/es\/index.php?rest_route=\/wp\/v2\/users\/39"}],"replies":[{"embeddable":true,"href":"https:\/\/archive.sana.sy\/es\/index.php?rest_route=%2Fwp%2Fv2%2Fcomments&post=221520"}],"version-history":[{"count":0,"href":"https:\/\/archive.sana.sy\/es\/index.php?rest_route=\/wp\/v2\/posts\/221520\/revisions"}],"wp:featuredmedia":[{"embeddable":true,"href":"https:\/\/archive.sana.sy\/es\/index.php?rest_route=\/wp\/v2\/media\/221521"}],"wp:attachment":[{"href":"https:\/\/archive.sana.sy\/es\/index.php?rest_route=%2Fwp%2Fv2%2Fmedia&parent=221520"}],"wp:term":[{"taxonomy":"category","embeddable":true,"href":"https:\/\/archive.sana.sy\/es\/index.php?rest_route=%2Fwp%2Fv2%2Fcategories&post=221520"},{"taxonomy":"post_tag","embeddable":true,"href":"https:\/\/archive.sana.sy\/es\/index.php?rest_route=%2Fwp%2Fv2%2Ftags&post=221520"}],"curies":[{"name":"wp","href":"https:\/\/api.w.org\/{rel}","templated":true}]}}