{"id":221534,"date":"2022-03-05T15:30:23","date_gmt":"2022-03-05T13:30:23","guid":{"rendered":"http:\/\/107.6.182.27\/es\/?p=221534"},"modified":"2023-01-10T16:38:10","modified_gmt":"2023-01-10T14:38:10","slug":"defensa-rusa-publica-imagenes-de-un-convoy-militar-ruso-cerca-de-kiev-video","status":"publish","type":"post","link":"https:\/\/archive.sana.sy\/es\/?p=221534","title":{"rendered":"Defensa rusa publica im\u00e1genes de un convoy militar ruso cerca de Kiev (+video)"},"content":{"rendered":"<p style=\"text-align: justify;\"><span style=\"color: #800000;\"><strong>Mosc\u00fa, 05 mar (SANA)<\/strong> <\/span>El Ministerio de Defensa ruso divulg\u00f3 hoy im\u00e1genes de un v\u00eddeo sobre el movimiento de un convoy militar ruso cerca de la capital ucraniana, Kiev.<\/p>\n<p style=\"text-align: justify;\">\u201cLas fuerzas armadas rusas contin\u00faan penetrando profundamente en los territorios ucranianos controlados por grupos nacionalistas y extremistas\u201d, seg\u00fan difundi\u00f3 el sitio web Zvezda del ej\u00e9rcito ruso.<\/p>\n<p style=\"text-align: justify;\">El portal indic\u00f3 que la columna rusa, que incluye varios equipos militares, se est\u00e1 moviendo con \u00e9xito para implementar las tareas asignadas al ej\u00e9rcito ruso en la regi\u00f3n de Kiev.<\/p>\n<p style=\"text-align: justify;\">El Ministerio tambi\u00e9n mostr\u00f3 videos que muestran el uso de helic\u00f3pteros de ataque y reconocimiento Ka-52 &#8220;Alligator&#8221; en el curso de la operaci\u00f3n militar en Ucrania.<\/p>\n<p style=\"text-align: justify;\">sm\/fm<\/p>\n<p><iframe loading=\"lazy\" title=\"Los helic\u00f3pteros rusos Kam\u00f3v Ka 52\" width=\"618\" height=\"464\" src=\"https:\/\/www.youtube.com\/embed\/Iy4e5igQef4?feature=oembed\" frameborder=\"0\" allow=\"accelerometer; autoplay; clipboard-write; encrypted-media; gyroscope; picture-in-picture; web-share\" referrerpolicy=\"strict-origin-when-cross-origin\" allowfullscreen><\/iframe><\/p>\n","protected":false},"excerpt":{"rendered":"<p>Mosc\u00fa, 05 mar (SANA) El Ministerio de Defensa ruso divulg\u00f3 hoy im\u00e1genes de un v\u00eddeo sobre el movimiento de un convoy militar ruso cerca de la capital ucraniana, Kiev. \u201cLas fuerzas armadas rusas contin\u00faan penetrando profundamente en los territorios ucranianos controlados por grupos nacionalistas y extremistas\u201d, seg\u00fan difundi\u00f3 el sitio web Zvezda del ej\u00e9rcito ruso. &hellip;<\/p>\n","protected":false},"author":39,"featured_media":221535,"comment_status":"closed","ping_status":"closed","sticky":false,"template":"","format":"standard","meta":{"footnotes":""},"categories":[597,456,457,7541],"tags":[],"class_list":["post-221534","post","type-post","status-publish","format-standard","has-post-thumbnail","","category-cinta-de-noticias","category-arabe-internacional-politica","category-noticias-arabe-internacional-politica","category-ultimas-noticias"],"_links":{"self":[{"href":"https:\/\/archive.sana.sy\/es\/index.php?rest_route=\/wp\/v2\/posts\/221534"}],"collection":[{"href":"https:\/\/archive.sana.sy\/es\/index.php?rest_route=\/wp\/v2\/posts"}],"about":[{"href":"https:\/\/archive.sana.sy\/es\/index.php?rest_route=\/wp\/v2\/types\/post"}],"author":[{"embeddable":true,"href":"https:\/\/archive.sana.sy\/es\/index.php?rest_route=\/wp\/v2\/users\/39"}],"replies":[{"embeddable":true,"href":"https:\/\/archive.sana.sy\/es\/index.php?rest_route=%2Fwp%2Fv2%2Fcomments&post=221534"}],"version-history":[{"count":0,"href":"https:\/\/archive.sana.sy\/es\/index.php?rest_route=\/wp\/v2\/posts\/221534\/revisions"}],"wp:featuredmedia":[{"embeddable":true,"href":"https:\/\/archive.sana.sy\/es\/index.php?rest_route=\/wp\/v2\/media\/221535"}],"wp:attachment":[{"href":"https:\/\/archive.sana.sy\/es\/index.php?rest_route=%2Fwp%2Fv2%2Fmedia&parent=221534"}],"wp:term":[{"taxonomy":"category","embeddable":true,"href":"https:\/\/archive.sana.sy\/es\/index.php?rest_route=%2Fwp%2Fv2%2Fcategories&post=221534"},{"taxonomy":"post_tag","embeddable":true,"href":"https:\/\/archive.sana.sy\/es\/index.php?rest_route=%2Fwp%2Fv2%2Ftags&post=221534"}],"curies":[{"name":"wp","href":"https:\/\/api.w.org\/{rel}","templated":true}]}}