{"id":221537,"date":"2022-03-05T17:11:56","date_gmt":"2022-03-05T15:11:56","guid":{"rendered":"http:\/\/107.6.182.27\/es\/?p=221537"},"modified":"2023-01-10T16:38:10","modified_gmt":"2023-01-10T14:38:10","slug":"sirios-residentes-en-cuba-visitan-embajada-de-rusia-y-ratifican-apoyo-a-posicion-de-rusia","status":"publish","type":"post","link":"https:\/\/archive.sana.sy\/es\/?p=221537","title":{"rendered":"Sirios residentes en Cuba visitan Embajada de Rusia y ratifican apoyo a posici\u00f3n de Rusia"},"content":{"rendered":"<p style=\"text-align: justify;\"><span style=\"color: #800000;\"><strong>La Habana, 5 mar (SANA)<\/strong>\u00a0 \u00a0<\/span>Estudiantes e representantes de la comunidad siria en Cuba afirmaron que Rusia tiene pleno derecho a defenderse ante el peligro que acecha a su pueblo debido a los intentos de Occidente y Estados Unidos de poner en riesgo su seguridad nacional.<\/p>\n<p style=\"text-align: justify;\">Esta postura fue anunciada durante la visita de una delegaci\u00f3n de estudiantes y residentes a la sede de la Embajada de Rusia en La Habana donde se reunieron con el embajador ruso Andrei Guskov para expresar su apoyo a la postura de Rusia respecto a la situaci\u00f3n en Ucrania.<\/p>\n<p style=\"text-align: justify;\"><img loading=\"lazy\" decoding=\"async\" class=\"wp-image-221540 size-medium alignright\" src=\"http:\/\/107.6.182.27\/es\/wp-content\/uploads\/2022\/03\/275115596_154242490367506_901817994954886526_n-1-300x169.jpg\" alt=\"\" width=\"300\" height=\"169\" srcset=\"https:\/\/archive.sana.sy\/es\/wp-content\/uploads\/2022\/03\/275115596_154242490367506_901817994954886526_n-1-300x169.jpg 300w, https:\/\/archive.sana.sy\/es\/wp-content\/uploads\/2022\/03\/275115596_154242490367506_901817994954886526_n-1-150x84.jpg 150w, https:\/\/archive.sana.sy\/es\/wp-content\/uploads\/2022\/03\/275115596_154242490367506_901817994954886526_n-1-768x432.jpg 768w, https:\/\/archive.sana.sy\/es\/wp-content\/uploads\/2022\/03\/275115596_154242490367506_901817994954886526_n-1.jpg 1008w\" sizes=\"(max-width: 300px) 100vw, 300px\" \/><\/p>\n<p style=\"text-align: justify;\">El Embajador Guskov expres\u00f3 su agradecimiento por esta iniciativa solidaria, que refleja los sentimientos sinceros del pueblo sirio hacia el pueblo ruso, se\u00f1alando que el pueblo sirio vivi\u00f3 la experiencia de la guerra en su tierra y sufre hoy sus amargos efectos.<\/p>\n<p style=\"text-align: justify;\">Asimismo, explic\u00f3 en detalles los hechos que impulsaron Rusia a realizar la operaci\u00f3n militar especial en Ucrania, e indic\u00f3 que su objetivo era impedir la expansi\u00f3n de la OTAN y proteger a los ciudadanos rusos en las rep\u00fablicas de Donetsk y Luhansk, destacando que Rusia no tiene ninguna intenci\u00f3n de ocupar Ucrania.<\/p>\n<p style=\"text-align: justify;\">rsh\/fm\/sm<\/p>\n","protected":false},"excerpt":{"rendered":"<p>La Habana, 5 mar (SANA)\u00a0 \u00a0Estudiantes e representantes de la comunidad siria en Cuba afirmaron que Rusia tiene pleno derecho a defenderse ante el peligro que acecha a su pueblo debido a los intentos de Occidente y Estados Unidos de poner en riesgo su seguridad nacional. Esta postura fue anunciada durante la visita de una &hellip;<\/p>\n","protected":false},"author":39,"featured_media":221538,"comment_status":"closed","ping_status":"closed","sticky":false,"template":"","format":"standard","meta":{"footnotes":""},"categories":[447,597,456,457,467,7541],"tags":[],"class_list":["post-221537","post","type-post","status-publish","format-standard","has-post-thumbnail","","category-local-politica","category-cinta-de-noticias","category-arabe-internacional-politica","category-noticias-arabe-internacional-politica","category-siria-y-el-mundo","category-ultimas-noticias"],"_links":{"self":[{"href":"https:\/\/archive.sana.sy\/es\/index.php?rest_route=\/wp\/v2\/posts\/221537"}],"collection":[{"href":"https:\/\/archive.sana.sy\/es\/index.php?rest_route=\/wp\/v2\/posts"}],"about":[{"href":"https:\/\/archive.sana.sy\/es\/index.php?rest_route=\/wp\/v2\/types\/post"}],"author":[{"embeddable":true,"href":"https:\/\/archive.sana.sy\/es\/index.php?rest_route=\/wp\/v2\/users\/39"}],"replies":[{"embeddable":true,"href":"https:\/\/archive.sana.sy\/es\/index.php?rest_route=%2Fwp%2Fv2%2Fcomments&post=221537"}],"version-history":[{"count":0,"href":"https:\/\/archive.sana.sy\/es\/index.php?rest_route=\/wp\/v2\/posts\/221537\/revisions"}],"wp:featuredmedia":[{"embeddable":true,"href":"https:\/\/archive.sana.sy\/es\/index.php?rest_route=\/wp\/v2\/media\/221538"}],"wp:attachment":[{"href":"https:\/\/archive.sana.sy\/es\/index.php?rest_route=%2Fwp%2Fv2%2Fmedia&parent=221537"}],"wp:term":[{"taxonomy":"category","embeddable":true,"href":"https:\/\/archive.sana.sy\/es\/index.php?rest_route=%2Fwp%2Fv2%2Fcategories&post=221537"},{"taxonomy":"post_tag","embeddable":true,"href":"https:\/\/archive.sana.sy\/es\/index.php?rest_route=%2Fwp%2Fv2%2Ftags&post=221537"}],"curies":[{"name":"wp","href":"https:\/\/api.w.org\/{rel}","templated":true}]}}