{"id":221547,"date":"2022-03-05T17:35:42","date_gmt":"2022-03-05T15:35:42","guid":{"rendered":"http:\/\/107.6.182.27\/es\/?p=221547"},"modified":"2023-01-10T14:19:49","modified_gmt":"2023-01-10T12:19:49","slug":"salud-lanza-la-primera-campana-nacional-de-vacunacion-para-el-ano-2022-contra-la-poliomielitis","status":"publish","type":"post","link":"https:\/\/archive.sana.sy\/es\/?p=221547","title":{"rendered":"Salud lanza la primera campa\u00f1a nacional de vacunaci\u00f3n para el a\u00f1o 2022 contra la poliomielitis"},"content":{"rendered":"<p style=\"text-align: justify;\"><span style=\"color: #800000;\"><strong>Damasco, 05 mar (SANA)\u00a0 <\/strong><\/span>El Ministerio de Salud lanzar\u00e1 ma\u00f1ana la primera campa\u00f1a nacional de vacunaci\u00f3n 2022 contra la poliomielitis, que se extender\u00e1 hasta el 10 del mes en cursoy estar\u00e1 dirigida a ni\u00f1os desde un d\u00eda de edad hasta los cinco a\u00f1os, independientemente de las vacunas anteriores.<\/p>\n<p style=\"text-align: justify;\">La campa\u00f1a tiene como objetivo llegar a unos 2,7 millones de ni\u00f1os en varias provincias, seg\u00fan explic\u00f3 a SANA la directora de Atenci\u00f3n Primaria de Salud del Ministerio de Salud, Razan al-Tarabishi, quien destac\u00f3 que se han completado todos los preparativos t\u00e9cnicos y log\u00edsticos para lanzar la campa\u00f1a y llegar a todos los ni\u00f1os objetivo.<\/p>\n<p style=\"text-align: justify;\">Al-Tarabishi indic\u00f3 que la campa\u00f1a se implementa a trav\u00e9s de 977 centros de salud y 2.450 equipos m\u00f3viles con la participaci\u00f3n de 10.210 param\u00e9dicos, destacando la importancia de que los padres lleven a sus hijos a los centros de salud o equipos m\u00f3viles, ya que la vacuna protege al ni\u00f1o y a la sociedad de la peligrosa enfermedad de la poliomielitis que conduce a una discapacidad permanente o a la muerte.<\/p>\n<p style=\"text-align: justify;\">La directora enfatiz\u00f3 que la vacuna es segura, gratuita, eficaz, disponible y recomendada por la Organizaci\u00f3n Mundial de la Salud (OMS), y que la respuesta inmunitaria a las vacunas no interrumpe ni afecta la respuesta del sistema inmunitario de los ni\u00f1os al COVID-19 y no previene las s\u00edntomas comunes como resfriado, tos, diarrea, fiebre simple, ictericia fisiol\u00f3gica o el uso de antibi\u00f3ticos.<\/p>\n<p style=\"text-align: justify;\">rsh\/sm<\/p>\n","protected":false},"excerpt":{"rendered":"<p>Damasco, 05 mar (SANA)\u00a0 El Ministerio de Salud lanzar\u00e1 ma\u00f1ana la primera campa\u00f1a nacional de vacunaci\u00f3n 2022 contra la poliomielitis, que se extender\u00e1 hasta el 10 del mes en cursoy estar\u00e1 dirigida a ni\u00f1os desde un d\u00eda de edad hasta los cinco a\u00f1os, independientemente de las vacunas anteriores. La campa\u00f1a tiene como objetivo llegar a &hellip;<\/p>\n","protected":false},"author":39,"featured_media":221548,"comment_status":"closed","ping_status":"closed","sticky":false,"template":"","format":"standard","meta":{"footnotes":""},"categories":[447,477,597,476,457,7541],"tags":[],"class_list":["post-221547","post","type-post","status-publish","format-standard","has-post-thumbnail","","category-local-politica","category-noticias-edulcorantes","category-cinta-de-noticias","category-locales","category-noticias-arabe-internacional-politica","category-ultimas-noticias"],"_links":{"self":[{"href":"https:\/\/archive.sana.sy\/es\/index.php?rest_route=\/wp\/v2\/posts\/221547"}],"collection":[{"href":"https:\/\/archive.sana.sy\/es\/index.php?rest_route=\/wp\/v2\/posts"}],"about":[{"href":"https:\/\/archive.sana.sy\/es\/index.php?rest_route=\/wp\/v2\/types\/post"}],"author":[{"embeddable":true,"href":"https:\/\/archive.sana.sy\/es\/index.php?rest_route=\/wp\/v2\/users\/39"}],"replies":[{"embeddable":true,"href":"https:\/\/archive.sana.sy\/es\/index.php?rest_route=%2Fwp%2Fv2%2Fcomments&post=221547"}],"version-history":[{"count":0,"href":"https:\/\/archive.sana.sy\/es\/index.php?rest_route=\/wp\/v2\/posts\/221547\/revisions"}],"wp:featuredmedia":[{"embeddable":true,"href":"https:\/\/archive.sana.sy\/es\/index.php?rest_route=\/wp\/v2\/media\/221548"}],"wp:attachment":[{"href":"https:\/\/archive.sana.sy\/es\/index.php?rest_route=%2Fwp%2Fv2%2Fmedia&parent=221547"}],"wp:term":[{"taxonomy":"category","embeddable":true,"href":"https:\/\/archive.sana.sy\/es\/index.php?rest_route=%2Fwp%2Fv2%2Fcategories&post=221547"},{"taxonomy":"post_tag","embeddable":true,"href":"https:\/\/archive.sana.sy\/es\/index.php?rest_route=%2Fwp%2Fv2%2Ftags&post=221547"}],"curies":[{"name":"wp","href":"https:\/\/api.w.org\/{rel}","templated":true}]}}