{"id":221550,"date":"2022-03-05T15:45:04","date_gmt":"2022-03-05T13:45:04","guid":{"rendered":"http:\/\/107.6.182.27\/es\/?p=221550"},"modified":"2023-01-10T14:19:50","modified_gmt":"2023-01-10T12:19:50","slug":"siria-participa-en-la-conferencia-internacional-del-agua-en-bagdad","status":"publish","type":"post","link":"https:\/\/archive.sana.sy\/es\/?p=221550","title":{"rendered":"Siria participa en la Conferencia Internacional del Agua en Bagdad"},"content":{"rendered":"<p style=\"text-align: justify;\"><span style=\"color: #800000;\"><strong>Bagdad, 05 mar (SANA)\u00a0 \u00a0<\/strong><\/span>Las actividades de la 2\u00aa Conferencia Internacional del Agua comenzaron hoy en la capital iraqu\u00ed, Bagdad, bajo el lema \u201cel Agua y los Cambios Clim\u00e1ticos\u201d, con la participaci\u00f3n de Siria y delegaciones de varios pa\u00edses y organizaciones \u00e1rabes y extranjeros.<\/p>\n<p style=\"text-align: justify;\"><img loading=\"lazy\" decoding=\"async\" class=\"wp-image-221552 size-medium alignright\" src=\"http:\/\/107.6.182.27\/es\/wp-content\/uploads\/2022\/03\/3-6-1-scaled-1-300x160.jpg\" alt=\"\" width=\"300\" height=\"160\" srcset=\"https:\/\/archive.sana.sy\/es\/wp-content\/uploads\/2022\/03\/3-6-1-scaled-1-300x160.jpg 300w, https:\/\/archive.sana.sy\/es\/wp-content\/uploads\/2022\/03\/3-6-1-scaled-1-1024x546.jpg 1024w, https:\/\/archive.sana.sy\/es\/wp-content\/uploads\/2022\/03\/3-6-1-scaled-1-150x80.jpg 150w, https:\/\/archive.sana.sy\/es\/wp-content\/uploads\/2022\/03\/3-6-1-scaled-1-768x410.jpg 768w, https:\/\/archive.sana.sy\/es\/wp-content\/uploads\/2022\/03\/3-6-1-scaled-1-1536x820.jpg 1536w, https:\/\/archive.sana.sy\/es\/wp-content\/uploads\/2022\/03\/3-6-1-scaled-1-2048x1093.jpg 2048w, https:\/\/archive.sana.sy\/es\/wp-content\/uploads\/2022\/03\/3-6-1-scaled-1-310x165.jpg 310w\" sizes=\"(max-width: 300px) 100vw, 300px\" \/><\/p>\n<p style=\"text-align: justify;\">En declaraciones al corresponsal de SANA en Bagdad, el ministro de Recursos H\u00eddricos y jefe de la delegaci\u00f3n siria a la Conferencia, Tammam Raad, destac\u00f3 la importancia de la participaci\u00f3n de Siria en la misma que ser\u00e1 testigo de debates entre expertos y especialistas en el campo del agua y el cambio clim\u00e1tico.<\/p>\n<p style=\"text-align: justify;\">Explic\u00f3 que la agenda de la delegaci\u00f3n siria incluye reuniones con el ministro iraqu\u00ed de Recursos H\u00eddricos sobre v\u00edas de impulsar la coordinaci\u00f3n bilateral y enfatizar esfuerzos en lo relacionado con las porciones de Siria e Irak de las aguas de los r\u00edos \u00c9ufrates y Tigris.<\/p>\n<p style=\"text-align: justify;\"><img loading=\"lazy\" decoding=\"async\" class=\"wp-image-221553 size-medium alignright\" src=\"http:\/\/107.6.182.27\/es\/wp-content\/uploads\/2022\/03\/photo_2022-03-05_14-27-45-scaled-1-300x177.jpg\" alt=\"\" width=\"300\" height=\"177\" srcset=\"https:\/\/archive.sana.sy\/es\/wp-content\/uploads\/2022\/03\/photo_2022-03-05_14-27-45-scaled-1-300x177.jpg 300w, https:\/\/archive.sana.sy\/es\/wp-content\/uploads\/2022\/03\/photo_2022-03-05_14-27-45-scaled-1-1024x605.jpg 1024w, https:\/\/archive.sana.sy\/es\/wp-content\/uploads\/2022\/03\/photo_2022-03-05_14-27-45-scaled-1-150x89.jpg 150w, https:\/\/archive.sana.sy\/es\/wp-content\/uploads\/2022\/03\/photo_2022-03-05_14-27-45-scaled-1-768x454.jpg 768w, https:\/\/archive.sana.sy\/es\/wp-content\/uploads\/2022\/03\/photo_2022-03-05_14-27-45-scaled-1-1536x907.jpg 1536w, https:\/\/archive.sana.sy\/es\/wp-content\/uploads\/2022\/03\/photo_2022-03-05_14-27-45-scaled-1-2048x1210.jpg 2048w\" sizes=\"(max-width: 300px) 100vw, 300px\" \/><\/p>\n<p style=\"text-align: justify;\">Indic\u00f3 tambi\u00e9n que las reuniones se centrar\u00e1n en los pasos para crear un centro de Investigaci\u00f3n Conjunto, que contar\u00e1 con la participaci\u00f3n de ambos pa\u00edses.<\/p>\n<p style=\"text-align: justify;\">Por su parte, el ministro de Planificaci\u00f3n iraqu\u00ed, Khaled Batal Najm, subray\u00f3 durante la apertura de la conferencia en nombre del primer ministro iraqu\u00ed, Mustafa Al-Kazemi, la necesidad de que los pa\u00edses desarrollen estrategias para la seguridad h\u00eddrica y llam\u00f3 a mejorar la gesti\u00f3n de los recursos h\u00eddricos y su reparto equitativo, adem\u00e1s de destacar la importancia de la coordinaci\u00f3n entre los pa\u00edses.<\/p>\n<p style=\"text-align: justify;\">sm\/fm<\/p>\n","protected":false},"excerpt":{"rendered":"<p>Bagdad, 05 mar (SANA)\u00a0 \u00a0Las actividades de la 2\u00aa Conferencia Internacional del Agua comenzaron hoy en la capital iraqu\u00ed, Bagdad, bajo el lema \u201cel Agua y los Cambios Clim\u00e1ticos\u201d, con la participaci\u00f3n de Siria y delegaciones de varios pa\u00edses y organizaciones \u00e1rabes y extranjeros. En declaraciones al corresponsal de SANA en Bagdad, el ministro de &hellip;<\/p>\n","protected":false},"author":39,"featured_media":221551,"comment_status":"closed","ping_status":"closed","sticky":false,"template":"","format":"standard","meta":{"footnotes":""},"categories":[447,597,457,467,7541],"tags":[],"class_list":["post-221550","post","type-post","status-publish","format-standard","has-post-thumbnail","","category-local-politica","category-cinta-de-noticias","category-noticias-arabe-internacional-politica","category-siria-y-el-mundo","category-ultimas-noticias"],"_links":{"self":[{"href":"https:\/\/archive.sana.sy\/es\/index.php?rest_route=\/wp\/v2\/posts\/221550"}],"collection":[{"href":"https:\/\/archive.sana.sy\/es\/index.php?rest_route=\/wp\/v2\/posts"}],"about":[{"href":"https:\/\/archive.sana.sy\/es\/index.php?rest_route=\/wp\/v2\/types\/post"}],"author":[{"embeddable":true,"href":"https:\/\/archive.sana.sy\/es\/index.php?rest_route=\/wp\/v2\/users\/39"}],"replies":[{"embeddable":true,"href":"https:\/\/archive.sana.sy\/es\/index.php?rest_route=%2Fwp%2Fv2%2Fcomments&post=221550"}],"version-history":[{"count":0,"href":"https:\/\/archive.sana.sy\/es\/index.php?rest_route=\/wp\/v2\/posts\/221550\/revisions"}],"wp:featuredmedia":[{"embeddable":true,"href":"https:\/\/archive.sana.sy\/es\/index.php?rest_route=\/wp\/v2\/media\/221551"}],"wp:attachment":[{"href":"https:\/\/archive.sana.sy\/es\/index.php?rest_route=%2Fwp%2Fv2%2Fmedia&parent=221550"}],"wp:term":[{"taxonomy":"category","embeddable":true,"href":"https:\/\/archive.sana.sy\/es\/index.php?rest_route=%2Fwp%2Fv2%2Fcategories&post=221550"},{"taxonomy":"post_tag","embeddable":true,"href":"https:\/\/archive.sana.sy\/es\/index.php?rest_route=%2Fwp%2Fv2%2Ftags&post=221550"}],"curies":[{"name":"wp","href":"https:\/\/api.w.org\/{rel}","templated":true}]}}