{"id":22159,"date":"2015-04-29T17:29:10","date_gmt":"2015-04-29T14:29:10","guid":{"rendered":"http:\/\/sana.sy\/es\/?p=22159"},"modified":"2015-04-30T17:51:11","modified_gmt":"2015-04-30T14:51:11","slug":"ministro-de-defensa-se-reune-con-el-jefe-del-consejo-supremo-de-seguridad-nacional-irani","status":"publish","type":"post","link":"https:\/\/archive.sana.sy\/es\/?p=22159","title":{"rendered":"Lariyani: Ir\u00e1n proveer\u00e1 a Siria con todo lo necesario para fortificar su resistencia"},"content":{"rendered":"<div><span lang=\"ES-TRAD\" style=\"color: #800000\">Teher\u00e1n, SANA<\/span><\/div>\n<div>\n<div><\/div>\n<div>El subcomandante del Ej\u00e9rcito y Fuerzas Armadas, y ministro de Defensa, el general Fahd Jassem al-Freij, se reuni\u00f3 este mi\u00e9rcoles en la capital Teher\u00e1n, con Ali Lariyani, Presidente del Consejo Consultivo de Ir\u00e1n.Durante la reuni\u00f3n, Lariyani se\u00f1al\u00f3 que la resistencia de Siria frente a la agresi\u00f3n terrorista librada en su contra ha torpedeado los planes urdidos contra la regi\u00f3n en servicio de los proyectos de Occidente y el ente sionista.<\/div>\n<div><\/div>\n<div>El alto funcionario iran\u00ed elogi\u00f3 los sacrificios brindados por Siria en la batalla contra el terrorismo, ratificando que su pa\u00eds estar\u00e1 a su lado y le proveer\u00e1 todo lo necesario para fortificar su resistencia frente a la guerra injusta desatada en su contra.El Presidente del Consejo de Shura iran\u00ed hizo referencia a que algunos bandos comienzan a renunciar sus pol\u00edticas hostiles hacia Siria por su preocupaci\u00f3n del peligro del Estado Isl\u00e1mico, entre otras organizaciones terroristas.Lariyani abord\u00f3 la situaci\u00f3n en Yemen, aclarando que su pa\u00eds planteado un plan de cuatro pautas para acabar con la crisis en este pa\u00eds.<\/p>\n<p>A su vez, el general al-Freij resalt\u00f3 la necesidad de la cooperaci\u00f3n y coordinaci\u00f3n entre Siria e Ir\u00e1n en todos los \u00e1mbitos, sobre todo el militar, tomando en cuenta la cr\u00edtica situaci\u00f3n por la que atraviesa la regi\u00f3n.<\/p>\n<p>El titular de Defensa sirio continu\u00f3 que el Gobierno sirio ha alentado siempre al di\u00e1logo intersirio lejos de la injerencia extranjera, manifestando el inter\u00e9s del mismo en garantizar la llegada de las ayudas humanitarias a los necesitados.<\/p>\n<p>El general Freij concluy\u00f3 la reuni\u00f3n agradeci\u00f3 a Ir\u00e1n por sus posturas en apoyo de Siria.<\/p>\n<p>En el mismo contexto, el secretario del Consejo Supremo de Seguridad Nacional de Ir\u00e1n, Ali Shamjani examin\u00f3 con el Ministro de Defensa sirio las v\u00edas de reforzar la cooperaci\u00f3n estrat\u00e9gica entre Siria e Ir\u00e1n en todas las \u00e1reas, especialmente en la lucha contra el terrorismo.<\/p>\n<p>Ambas partes aseveraron que la evoluci\u00f3n de los acontecimientos a nivel pol\u00edtico y sobre el terreno est\u00e1 a favor del pueblo y el ej\u00e9rcito sirios, haciendo hincapi\u00e9 en que por m\u00e1s amplio que sea el apoyo brindado por algunos factores de potencias regionales e internacionales, esto no cambiar\u00e1 la firme voluntad de ambos pa\u00edses de lograr la victoria.<\/p>\n<p>Shamjani enfatiz\u00f3 que el liderazgo y el pueblo de Ir\u00e1n consideran que su pa\u00eds est\u00e1 en la misma trinchera con Siria frente al enemigo sionista y el terrorismo, por lo tanto ha de apoyarla y fortalecer su resistencia.<\/p>\n<p>Asimismo manifest\u00f3 la plena disposici\u00f3n de su pa\u00eds de cooperar con Siria para luchar contra el terrorismo, se\u00f1alando que Ir\u00e1n no permitir\u00e1 a ninguna parte derrocar a Siria.<\/p>\n<p>Tambi\u00e9n elogi\u00f3 los avances logrados por el ej\u00e9rcito sirio, advirtiendo de las conspiraciones encaminadas a dividir la regi\u00f3n y controlarla.<\/p>\n<p>Por su parte, el Subcomandante General de las Fuerzas Armadas Sirias hizo una panor\u00e1mica sobre la situaci\u00f3n sobre el terreno en Siria y los continuos intentos de algunos pa\u00edses de socavar la soberan\u00eda del pa\u00eds a trav\u00e9s de brindar un apoyo ilimitado a los terroristas y facilitar su acceso en el territorio sirio para destruir su infraestructura.<\/p>\n<p>Asimismo reiter\u00f3 la determinaci\u00f3n del pueblo, ej\u00e9rcito y el liderazgo de Siria de luchar contra el terrorismo hasta limpiar todo el territorio sirio del mismo e iniciar el proceso de reconstrucci\u00f3n del pa\u00eds.<\/p>\n<p>Al Freij destac\u00f3 la necesidad de empe\u00f1ar esfuerzos adicionales para hacer frente a los retos actuales, pidiendo a Ir\u00e1n m\u00e1s apoyo en los \u00e1mbitos econ\u00f3micos y militares para reforzar la resistencia del pueblo sirio ante la feroz embestida librada en su contra.<\/p>\n<\/div>\n<div><img loading=\"lazy\" decoding=\"async\" class=\"aligncenter size-medium wp-image-22196\" src=\"http:\/\/www.sana.sy\/es\/wp-content\/uploads\/2015\/04\/rueda-de-prensa-Dahkan-Freij-300x183.jpg\" alt=\"rueda de prensa Dahkan Freij\" width=\"300\" height=\"183\" srcset=\"https:\/\/archive.sana.sy\/es\/wp-content\/uploads\/2015\/04\/rueda-de-prensa-Dahkan-Freij-300x183.jpg 300w, https:\/\/archive.sana.sy\/es\/wp-content\/uploads\/2015\/04\/rueda-de-prensa-Dahkan-Freij-150x92.jpg 150w, https:\/\/archive.sana.sy\/es\/wp-content\/uploads\/2015\/04\/rueda-de-prensa-Dahkan-Freij.jpg 500w\" sizes=\"(max-width: 300px) 100vw, 300px\" \/>Asimismo, el general Al Freij y su hom\u00f3logo iran\u00ed, el general Hossein Dahkan ratificaron la firme determinaci\u00f3n de Siria e Ir\u00e1n de luchar contra el terrorismo y continuar la cooperaci\u00f3n conjunta al respecto.Estas declaraciones fueron concedidas en una rueda de prensa despu\u00e9s de una segunda ronda de conversaciones entre ambas partes.Los dos ministros denunciaron los cr\u00edmenes cometidos por los terroristas en Siria y la regi\u00f3n, a fin de socavar su estabilidad y servir los intereses del ente sionista.El Ministro de Defensa sirio se\u00f1al\u00f3 durante la rueda, que las fuerzas armadas sirias siguen sus operativos antiterroristas, destacando la necesidad de intensificar los esfuerzos sobre todo despu\u00e9s de la nueva escalada terrorista.<\/p>\n<p>Tambi\u00e9n declar\u00f3 que las conversaciones que sostuvo con su hom\u00f3logo iran\u00ed giraron en torno de las v\u00edas de hacer frente a la escalada terrorista que se ha desarrolla en los \u00faltimos meses.<\/p>\n<p>Cabe\u00a0se\u00f1alar que el general al-Freij hab\u00eda debatido ayer con su hom\u00f3logo iran\u00ed la cooperaci\u00f3n estrat\u00e9gica conjunta en materia de la lucha contra el terrorismo.<\/p>\n<\/div>\n<div><\/div>\n<div><span style=\"color: #0000ff\">Lynn A., Fady M.<\/span><\/div>\n<\/div>\n<div class=\"yj6qo ajU\">\n<div class=\"ajR\">\n<div class=\"yj6qo ajU\">\n<div id=\":12t\" class=\"ajR\"><span style=\"color: #00ccff\"><img decoding=\"async\" class=\"ajT\" src=\"https:\/\/ssl.gstatic.com\/ui\/v1\/icons\/mail\/images\/cleardot.gif\" alt=\"\" \/><\/span><\/div>\n<\/div>\n<\/div>\n<\/div>\n","protected":false},"excerpt":{"rendered":"<p>Teher\u00e1n, SANA El subcomandante del Ej\u00e9rcito y Fuerzas Armadas, y ministro de Defensa, el general Fahd Jassem al-Freij, se reuni\u00f3 este mi\u00e9rcoles en la capital Teher\u00e1n, con Ali Lariyani, Presidente del Consejo Consultivo de Ir\u00e1n.Durante la reuni\u00f3n, Lariyani se\u00f1al\u00f3 que la resistencia de Siria frente a la agresi\u00f3n terrorista librada en su contra ha torpedeado &hellip;<\/p>\n","protected":false},"author":1,"featured_media":22161,"comment_status":"closed","ping_status":"closed","sticky":false,"template":"","format":"standard","meta":{"footnotes":""},"categories":[456,457,467],"tags":[5051],"class_list":["post-22159","post","type-post","status-publish","format-standard","has-post-thumbnail","","category-arabe-internacional-politica","category-noticias-arabe-internacional-politica","category-siria-y-el-mundo","tag-lariyani-iran-proveera-a-siria-con-todo-lo-necesario-para-fortificar-su-resistencia"],"_links":{"self":[{"href":"https:\/\/archive.sana.sy\/es\/index.php?rest_route=\/wp\/v2\/posts\/22159"}],"collection":[{"href":"https:\/\/archive.sana.sy\/es\/index.php?rest_route=\/wp\/v2\/posts"}],"about":[{"href":"https:\/\/archive.sana.sy\/es\/index.php?rest_route=\/wp\/v2\/types\/post"}],"author":[{"embeddable":true,"href":"https:\/\/archive.sana.sy\/es\/index.php?rest_route=\/wp\/v2\/users\/1"}],"replies":[{"embeddable":true,"href":"https:\/\/archive.sana.sy\/es\/index.php?rest_route=%2Fwp%2Fv2%2Fcomments&post=22159"}],"version-history":[{"count":0,"href":"https:\/\/archive.sana.sy\/es\/index.php?rest_route=\/wp\/v2\/posts\/22159\/revisions"}],"wp:featuredmedia":[{"embeddable":true,"href":"https:\/\/archive.sana.sy\/es\/index.php?rest_route=\/wp\/v2\/media\/22161"}],"wp:attachment":[{"href":"https:\/\/archive.sana.sy\/es\/index.php?rest_route=%2Fwp%2Fv2%2Fmedia&parent=22159"}],"wp:term":[{"taxonomy":"category","embeddable":true,"href":"https:\/\/archive.sana.sy\/es\/index.php?rest_route=%2Fwp%2Fv2%2Fcategories&post=22159"},{"taxonomy":"post_tag","embeddable":true,"href":"https:\/\/archive.sana.sy\/es\/index.php?rest_route=%2Fwp%2Fv2%2Ftags&post=22159"}],"curies":[{"name":"wp","href":"https:\/\/api.w.org\/{rel}","templated":true}]}}