{"id":221637,"date":"2022-03-05T15:18:44","date_gmt":"2022-03-05T13:18:44","guid":{"rendered":"http:\/\/107.6.182.27\/es\/?p=221637"},"modified":"2022-03-05T22:29:44","modified_gmt":"2022-03-05T20:29:44","slug":"ankara-y-kiev-reclutan-terroristas-en-el-norte-de-siria-para-luchar-en-ucrania","status":"publish","type":"post","link":"https:\/\/archive.sana.sy\/es\/?p=221637","title":{"rendered":"Ankara y Kiev reclutan terroristas en el norte de Siria para luchar en Ucrania"},"content":{"rendered":"<p style=\"text-align: justify;\"><span style=\"color: #800000;\"><strong>Mosc\u00fa, 5 mar (SANA)<\/strong><\/span>\u00a0 \u00a0Una fuente militar rusa confirm\u00f3 hoy que miembros del aparato de seguridad del r\u00e9gimen ucraniano y oficiales de inteligencia del r\u00e9gimen turco est\u00e1n trabajando para reclutar terroristas en el norte de Siria para luchar en las filas de las fuerzas ucranianas.<\/p>\n<p style=\"text-align: justify;\">Citada por la agencia rusa RIA Novosti, la fuente indic\u00f3 que un grupo de tres miembros del aparato de seguridad del r\u00e9gimen ucraniano, acompa\u00f1ados por oficiales de inteligencia del r\u00e9gimen turco, se dirigieron el 4 de febrero a las ciudades de Afr\u00edn y Azaz en el norte de Siria y visitaron una posici\u00f3n del llamado grupo terrorista (Ej\u00e9rcito Sirio Libre) apoyado por Ankara.<\/p>\n<p style=\"text-align: justify;\">Agreg\u00f3 que, durante dicha visita, se reunieron con los cabecillas de varios de estos grupos terroristas para discutir la posibilidad de reclutar terroristas para luchar a favor del r\u00e9gimen ucraniano.<\/p>\n<p style=\"text-align: justify;\">La fuente explic\u00f3 que se acord\u00f3 organizar una serie de reuniones secretas con los l\u00edderes de los grupos terroristas en cuesti\u00f3n para tal objetivo.<\/p>\n<p style=\"text-align: justify;\">fm\/rr<\/p>\n","protected":false},"excerpt":{"rendered":"<p>Mosc\u00fa, 5 mar (SANA)\u00a0 \u00a0Una fuente militar rusa confirm\u00f3 hoy que miembros del aparato de seguridad del r\u00e9gimen ucraniano y oficiales de inteligencia del r\u00e9gimen turco est\u00e1n trabajando para reclutar terroristas en el norte de Siria para luchar en las filas de las fuerzas ucranianas. Citada por la agencia rusa RIA Novosti, la fuente indic\u00f3 &hellip;<\/p>\n","protected":false},"author":31,"featured_media":221638,"comment_status":"closed","ping_status":"closed","sticky":false,"template":"","format":"standard","meta":{"footnotes":""},"categories":[597,467,583],"tags":[],"class_list":["post-221637","post","type-post","status-publish","format-standard","has-post-thumbnail","","category-cinta-de-noticias","category-siria-y-el-mundo","category-slide"],"_links":{"self":[{"href":"https:\/\/archive.sana.sy\/es\/index.php?rest_route=\/wp\/v2\/posts\/221637"}],"collection":[{"href":"https:\/\/archive.sana.sy\/es\/index.php?rest_route=\/wp\/v2\/posts"}],"about":[{"href":"https:\/\/archive.sana.sy\/es\/index.php?rest_route=\/wp\/v2\/types\/post"}],"author":[{"embeddable":true,"href":"https:\/\/archive.sana.sy\/es\/index.php?rest_route=\/wp\/v2\/users\/31"}],"replies":[{"embeddable":true,"href":"https:\/\/archive.sana.sy\/es\/index.php?rest_route=%2Fwp%2Fv2%2Fcomments&post=221637"}],"version-history":[{"count":0,"href":"https:\/\/archive.sana.sy\/es\/index.php?rest_route=\/wp\/v2\/posts\/221637\/revisions"}],"wp:featuredmedia":[{"embeddable":true,"href":"https:\/\/archive.sana.sy\/es\/index.php?rest_route=\/wp\/v2\/media\/221638"}],"wp:attachment":[{"href":"https:\/\/archive.sana.sy\/es\/index.php?rest_route=%2Fwp%2Fv2%2Fmedia&parent=221637"}],"wp:term":[{"taxonomy":"category","embeddable":true,"href":"https:\/\/archive.sana.sy\/es\/index.php?rest_route=%2Fwp%2Fv2%2Fcategories&post=221637"},{"taxonomy":"post_tag","embeddable":true,"href":"https:\/\/archive.sana.sy\/es\/index.php?rest_route=%2Fwp%2Fv2%2Ftags&post=221637"}],"curies":[{"name":"wp","href":"https:\/\/api.w.org\/{rel}","templated":true}]}}