{"id":221688,"date":"2022-03-06T10:40:52","date_gmt":"2022-03-06T08:40:52","guid":{"rendered":"http:\/\/107.6.182.27\/es\/?p=221688"},"modified":"2023-01-10T14:19:48","modified_gmt":"2023-01-10T12:19:48","slug":"cancilleres-de-siria-y-armenia-intercambian-felicitaciones-por-trigesimo-aniversario-del-establecimiento-de-relaciones-diplomaticas","status":"publish","type":"post","link":"https:\/\/archive.sana.sy\/es\/?p=221688","title":{"rendered":"Cancilleres de Siria y Armenia ratifican amistosas relaciones bilaterales"},"content":{"rendered":"<p style=\"text-align: justify;\"><span style=\"color: #800000;\"><strong>Damasco, 6 mar (SANA)\u00a0<\/strong> <\/span>El ministro de Exteriores y Expatriados, Faisal al-Mekdad, afirm\u00f3 hoy que las relaciones amistosas entre Siria y Armenia experimentan un creciente desarrollo en todos los campos lo cual favorecer\u00eda los intereses comunes de los pueblos de las dos naciones.<\/p>\n<p style=\"text-align: justify;\">Durante un intercambio de mensajes de felicitaci\u00f3n con su hom\u00f3logo armenio, Ararat Mirzoyan, con motivo del trig\u00e9simo aniversario del establecimiento de relaciones diplom\u00e1ticas entre los dos pa\u00edses, al-Mekdad expres\u00f3 sus sinceras felicitaciones y mejores deseos al gobierno y pueblo amigos de Armenia.<\/p>\n<p style=\"text-align: justify;\">Reiter\u00f3 el deseo del gobierno sirio de fortalecer los lazos de las relaciones hist\u00f3ricas entre los dos pueblos, y denunci\u00f3 las pol\u00edticas genocidas de los sucesivos reg\u00edmenes turcos contra las dos naciones.<\/p>\n<p style=\"text-align: justify;\">El canciller armenio expres\u00f3 sus m\u00e1s calurosas felicitaciones al gobierno sirio en esta ocasi\u00f3n y destac\u00f3 que las relaciones armenio-sirias tiene una s\u00f3lida base de respeto y confianza mutua.<\/p>\n<p style=\"text-align: justify;\">&#8220;Desde el primer d\u00eda de la crisis en Siria, Armenia ha defendido el derecho de Siria a preservar su unidad y soberan\u00eda y el derecho del pueblo sirio a la autodeterminaci\u00f3n, y denunci\u00f3 el terrorismo&#8221;, dijo el canciller armenio.<\/p>\n<p style=\"text-align: justify;\"><em>fm\/ws<\/em><\/p>\n","protected":false},"excerpt":{"rendered":"<p>Damasco, 6 mar (SANA)\u00a0 El ministro de Exteriores y Expatriados, Faisal al-Mekdad, afirm\u00f3 hoy que las relaciones amistosas entre Siria y Armenia experimentan un creciente desarrollo en todos los campos lo cual favorecer\u00eda los intereses comunes de los pueblos de las dos naciones. Durante un intercambio de mensajes de felicitaci\u00f3n con su hom\u00f3logo armenio, Ararat &hellip;<\/p>\n","protected":false},"author":35,"featured_media":221689,"comment_status":"closed","ping_status":"closed","sticky":false,"template":"","format":"standard","meta":{"footnotes":""},"categories":[477,447,597,476,467],"tags":[],"class_list":["post-221688","post","type-post","status-publish","format-standard","has-post-thumbnail","","category-noticias-edulcorantes","category-local-politica","category-cinta-de-noticias","category-locales","category-siria-y-el-mundo"],"_links":{"self":[{"href":"https:\/\/archive.sana.sy\/es\/index.php?rest_route=\/wp\/v2\/posts\/221688"}],"collection":[{"href":"https:\/\/archive.sana.sy\/es\/index.php?rest_route=\/wp\/v2\/posts"}],"about":[{"href":"https:\/\/archive.sana.sy\/es\/index.php?rest_route=\/wp\/v2\/types\/post"}],"author":[{"embeddable":true,"href":"https:\/\/archive.sana.sy\/es\/index.php?rest_route=\/wp\/v2\/users\/35"}],"replies":[{"embeddable":true,"href":"https:\/\/archive.sana.sy\/es\/index.php?rest_route=%2Fwp%2Fv2%2Fcomments&post=221688"}],"version-history":[{"count":0,"href":"https:\/\/archive.sana.sy\/es\/index.php?rest_route=\/wp\/v2\/posts\/221688\/revisions"}],"wp:featuredmedia":[{"embeddable":true,"href":"https:\/\/archive.sana.sy\/es\/index.php?rest_route=\/wp\/v2\/media\/221689"}],"wp:attachment":[{"href":"https:\/\/archive.sana.sy\/es\/index.php?rest_route=%2Fwp%2Fv2%2Fmedia&parent=221688"}],"wp:term":[{"taxonomy":"category","embeddable":true,"href":"https:\/\/archive.sana.sy\/es\/index.php?rest_route=%2Fwp%2Fv2%2Fcategories&post=221688"},{"taxonomy":"post_tag","embeddable":true,"href":"https:\/\/archive.sana.sy\/es\/index.php?rest_route=%2Fwp%2Fv2%2Ftags&post=221688"}],"curies":[{"name":"wp","href":"https:\/\/api.w.org\/{rel}","templated":true}]}}