{"id":22170,"date":"2015-04-29T12:35:19","date_gmt":"2015-04-29T09:35:19","guid":{"rendered":"http:\/\/sana.sy\/es\/?p=22170"},"modified":"2015-04-29T12:35:43","modified_gmt":"2015-04-29T09:35:43","slug":"rey-saudi-destituye-al-canciller-y-al-principe-heredero","status":"publish","type":"post","link":"https:\/\/archive.sana.sy\/es\/?p=22170","title":{"rendered":"Rey saud\u00ed destituye al canciller y al pr\u00edncipe heredero"},"content":{"rendered":"<p><span style=\"color: #ff0000\">Riad, SANA<\/span><\/p>\n<p>El rey saud\u00ed, Salman bin Abdelaziz Al Saud, destituy\u00f3 este mi\u00e9rcoles al pr\u00edncipe heredero, Muqrin bin Abdulaziz, y al ministro de Exteriores, Saud al-Faisal.<\/p>\n<p>A trav\u00e9s de un decreto real, Muqrin y Saud al-Faisal han sido reemplazados por el ministro de Interior, Mohamad bin Nayef, y el embajador saud\u00ed en Estados Unidos, Adel al-Yubeir, respectivamente.<\/p>\n<p>Muqrin, que ha sido relevado tambi\u00e9n de su cargo de vice primer ministro, hab\u00eda renunciado a su cargo y el monarca ha decidido \u201caceptar su demanda\u201d.<\/p>\n<p>Respecto a Al-Faisal, que seguir\u00e1 en la carrera pol\u00edtica como consejero del rey en los asuntos exteriores, el r\u00e9gimen saud\u00ed alega que su destituci\u00f3n ha sido por motivos de salud.<\/p>\n<p>En otra orden, el rey saud\u00ed ha nombrado a su hijo Mohamad bin Salman, como futuro pr\u00edncipe heredero, es decir, segundo en el orden sucesorio tras el pr\u00edncipe Nayef.<\/p>\n<p><span style=\"color: #00ccff\">Fady M., Hala B.<\/span><\/p>\n","protected":false},"excerpt":{"rendered":"<p>Riad, SANA El rey saud\u00ed, Salman bin Abdelaziz Al Saud, destituy\u00f3 este mi\u00e9rcoles al pr\u00edncipe heredero, Muqrin bin Abdulaziz, y al ministro de Exteriores, Saud al-Faisal. A trav\u00e9s de un decreto real, Muqrin y Saud al-Faisal han sido reemplazados por el ministro de Interior, Mohamad bin Nayef, y el embajador saud\u00ed en Estados Unidos, Adel &hellip;<\/p>\n","protected":false},"author":1,"featured_media":22172,"comment_status":"closed","ping_status":"closed","sticky":false,"template":"","format":"standard","meta":{"footnotes":""},"categories":[456,576],"tags":[5045],"class_list":["post-22170","post","type-post","status-publish","format-standard","has-post-thumbnail","","category-arabe-internacional-politica","category-noticias-politicas","tag-rey-saudi-destituye-al-canciller-y-al-principe-heredero"],"_links":{"self":[{"href":"https:\/\/archive.sana.sy\/es\/index.php?rest_route=\/wp\/v2\/posts\/22170"}],"collection":[{"href":"https:\/\/archive.sana.sy\/es\/index.php?rest_route=\/wp\/v2\/posts"}],"about":[{"href":"https:\/\/archive.sana.sy\/es\/index.php?rest_route=\/wp\/v2\/types\/post"}],"author":[{"embeddable":true,"href":"https:\/\/archive.sana.sy\/es\/index.php?rest_route=\/wp\/v2\/users\/1"}],"replies":[{"embeddable":true,"href":"https:\/\/archive.sana.sy\/es\/index.php?rest_route=%2Fwp%2Fv2%2Fcomments&post=22170"}],"version-history":[{"count":0,"href":"https:\/\/archive.sana.sy\/es\/index.php?rest_route=\/wp\/v2\/posts\/22170\/revisions"}],"wp:featuredmedia":[{"embeddable":true,"href":"https:\/\/archive.sana.sy\/es\/index.php?rest_route=\/wp\/v2\/media\/22172"}],"wp:attachment":[{"href":"https:\/\/archive.sana.sy\/es\/index.php?rest_route=%2Fwp%2Fv2%2Fmedia&parent=22170"}],"wp:term":[{"taxonomy":"category","embeddable":true,"href":"https:\/\/archive.sana.sy\/es\/index.php?rest_route=%2Fwp%2Fv2%2Fcategories&post=22170"},{"taxonomy":"post_tag","embeddable":true,"href":"https:\/\/archive.sana.sy\/es\/index.php?rest_route=%2Fwp%2Fv2%2Ftags&post=22170"}],"curies":[{"name":"wp","href":"https:\/\/api.w.org\/{rel}","templated":true}]}}