{"id":22174,"date":"2015-04-29T13:47:33","date_gmt":"2015-04-29T10:47:33","guid":{"rendered":"http:\/\/sana.sy\/es\/?p=22174"},"modified":"2015-04-29T13:48:00","modified_gmt":"2015-04-29T10:48:00","slug":"aviones-sauditas-bombardean-la-pista-del-aeropuerto-de-sana","status":"publish","type":"post","link":"https:\/\/archive.sana.sy\/es\/?p=22174","title":{"rendered":"Aviones sauditas bombardean la pista del aeropuerto de San\u00e1"},"content":{"rendered":"<div><span style=\"color: #ff0000\">San\u00e1, SANA<\/span><\/div>\n<div><span lang=\"ES-TRAD\">\u00a0<\/span><\/div>\n<div><span lang=\"ES-TRAD\">Aviones de guerra saud\u00edes lanzaron nuevos ataques contra distintas zonas en Yemen, as\u00ed como bombardearon al Aeropuerto Internacional de la capital San\u00e1.<\/span><\/div>\n<div><span lang=\"ES-TRAD\">\u00a0<\/span><\/div>\n<div><span lang=\"ES-TRAD\">Fuentes locales informaron que a consecuencia de la brutal ofensiva contra el aer\u00f3dromo civil, un avi\u00f3n de la aerol\u00ednea yemen\u00ed se ha incendiado al tiempo que ha quedado destrozada la pista de aterrizaje principal.<\/span><\/div>\n<div><span lang=\"ES-TRAD\">\u00a0<\/span><\/div>\n<div><span lang=\"ES-TRAD\">Distintos medios han informado de que se trataba de un avi\u00f3n de civiles vac\u00edo, capaz de llevar 75 pasajeros.<\/span><\/div>\n<div><span lang=\"ES-TRAD\">\u00a0<\/span><\/div>\n<div><span lang=\"ES-TRAD\">El directivo del aeropuerto dijo que los ataques siguen sin cesar y destruyeron a una gasolinera localizada dentro del estrat\u00e9gico aer\u00f3dromo.<\/span><\/div>\n<div><span lang=\"ES-TRAD\">\u00a0<\/span><\/div>\n<div><span lang=\"ES-TRAD\">Entre tanto, un avi\u00f3n iran\u00ed cargado con ayudas humanitarias y que se dirig\u00eda a Yemen, se vio obligado a regresar debido a los bombardeos saud\u00edes.<\/span><\/div>\n<div><span lang=\"ES-TRAD\">\u00a0<\/span><\/div>\n<div><span lang=\"ES-TRAD\">De acuerdo con la cadena iran\u00ed PressTV, la aeronave ten\u00eda permiso de Om\u00e1n y Yemen para aterrizar en San\u00e1.<\/span><\/div>\n<div><span lang=\"ES-TRAD\">\u00a0<\/span><\/div>\n<div><span lang=\"ES-TRAD\">El incidente se ha producido mientras que los aviones saud\u00edes tambi\u00e9n han bombardeado la base a\u00e9rea Al-Dailami, en el norte de San\u00e1.<\/span><\/div>\n<div><span lang=\"ES-TRAD\">\u00a0<\/span><\/div>\n<div><span lang=\"ES-TRAD\">Desde el inicio de la agresi\u00f3n saud\u00ed contra Yemen el 26 de marzo, al menos 3.512 han muerto y 6.189 personas han resultado heridas.<\/span><\/div>\n<div class=\"yj6qo ajU\">\n<div id=\":13a\" class=\"ajR\"><span style=\"color: #00ccff\"><img decoding=\"async\" class=\"ajT\" src=\"https:\/\/ssl.gstatic.com\/ui\/v1\/icons\/mail\/images\/cleardot.gif\" alt=\"\" \/><\/span><\/div>\n<div class=\"ajR\"><span style=\"color: #00ccff\">Fady M., Hala B.<\/span><\/div>\n<\/div>\n","protected":false},"excerpt":{"rendered":"<p>San\u00e1, SANA \u00a0 Aviones de guerra saud\u00edes lanzaron nuevos ataques contra distintas zonas en Yemen, as\u00ed como bombardearon al Aeropuerto Internacional de la capital San\u00e1. \u00a0 Fuentes locales informaron que a consecuencia de la brutal ofensiva contra el aer\u00f3dromo civil, un avi\u00f3n de la aerol\u00ednea yemen\u00ed se ha incendiado al tiempo que ha quedado destrozada &hellip;<\/p>\n","protected":false},"author":1,"featured_media":22176,"comment_status":"closed","ping_status":"closed","sticky":false,"template":"","format":"standard","meta":{"footnotes":""},"categories":[597,456],"tags":[5046],"class_list":["post-22174","post","type-post","status-publish","format-standard","has-post-thumbnail","","category-cinta-de-noticias","category-arabe-internacional-politica","tag-aviones-sauditas-bombardean-la-pista-del-aeropuerto-de-sana"],"_links":{"self":[{"href":"https:\/\/archive.sana.sy\/es\/index.php?rest_route=\/wp\/v2\/posts\/22174"}],"collection":[{"href":"https:\/\/archive.sana.sy\/es\/index.php?rest_route=\/wp\/v2\/posts"}],"about":[{"href":"https:\/\/archive.sana.sy\/es\/index.php?rest_route=\/wp\/v2\/types\/post"}],"author":[{"embeddable":true,"href":"https:\/\/archive.sana.sy\/es\/index.php?rest_route=\/wp\/v2\/users\/1"}],"replies":[{"embeddable":true,"href":"https:\/\/archive.sana.sy\/es\/index.php?rest_route=%2Fwp%2Fv2%2Fcomments&post=22174"}],"version-history":[{"count":0,"href":"https:\/\/archive.sana.sy\/es\/index.php?rest_route=\/wp\/v2\/posts\/22174\/revisions"}],"wp:featuredmedia":[{"embeddable":true,"href":"https:\/\/archive.sana.sy\/es\/index.php?rest_route=\/wp\/v2\/media\/22176"}],"wp:attachment":[{"href":"https:\/\/archive.sana.sy\/es\/index.php?rest_route=%2Fwp%2Fv2%2Fmedia&parent=22174"}],"wp:term":[{"taxonomy":"category","embeddable":true,"href":"https:\/\/archive.sana.sy\/es\/index.php?rest_route=%2Fwp%2Fv2%2Fcategories&post=22174"},{"taxonomy":"post_tag","embeddable":true,"href":"https:\/\/archive.sana.sy\/es\/index.php?rest_route=%2Fwp%2Fv2%2Ftags&post=22174"}],"curies":[{"name":"wp","href":"https:\/\/api.w.org\/{rel}","templated":true}]}}