{"id":22178,"date":"2015-04-29T13:55:52","date_gmt":"2015-04-29T10:55:52","guid":{"rendered":"http:\/\/sana.sy\/es\/?p=22178"},"modified":"2015-04-29T13:59:52","modified_gmt":"2015-04-29T10:59:52","slug":"colonos-sionistas-irrumpen-en-la-sagrada-mezquita-al-aqsa","status":"publish","type":"post","link":"https:\/\/archive.sana.sy\/es\/?p=22178","title":{"rendered":"Colonos sionistas irrumpen en la sagrada mezquita al-Aqsa \u00a0"},"content":{"rendered":"<div><\/div>\n<div><span lang=\"ES-TRAD\" style=\"color: #ff0000\">Jerusal\u00e9n, SANA<\/span><\/div>\n<div><span lang=\"ES-TRAD\">\u00a0<\/span><\/div>\n<div><span lang=\"ES-TRAD\">Bandas de colonos israel\u00edes irrumpieron en la mezquita al-Aqsa custodiados por las fuerzas de ocupaci\u00f3n israel\u00edes, as\u00ed como arrestaron a un joven palestino mientras entraba en la mezquita.<\/span><\/div>\n<div><span lang=\"ES-TRAD\">\u00a0<\/span><\/div>\n<div><span lang=\"ES-TRAD\">En un contexto relacionado, fuentes locales informaron que las fuerzas de ocupaci\u00f3n allanaron en la ciudad de Beit Duqqu, donde arrestaron a un adolescente palestino y otros varios sufrieron casos de asfixia a consecuencia de las bombas de gas lacrim\u00f3genos.<\/span><\/div>\n<div><span lang=\"ES-TRAD\">\u00a0<\/span><\/div>\n<div><span lang=\"ES-TRAD\">Por otro lado, las tropas sionistas reprimieron a una protesta de los vecinos del barrio Zaitun y activistas por la paz extranjeros contra el cierre de las entradas de un n\u00famero de escuelas con bloques de cemento.<\/span><\/div>\n<div><span lang=\"ES-TRAD\">Los participantes levantaron banderas palestinas y pancartas en varios idiomas que exigen la reapertura de la entrada y la retirada de las fuerzas de ocupaci\u00f3n del barrio.<\/span><\/div>\n<div><span lang=\"ES-TRAD\">\u00a0<\/span><\/div>\n<div><span lang=\"ES-TRAD\">Cabe resaltar que las fuerzas de ocupaci\u00f3n israel\u00edes hab\u00edan detenido a siete palestinos del poblado Azzun al este de Qalqilya en Cisjordania.<\/span><\/div>\n<div><\/div>\n<div><span style=\"color: #00ccff\">Fady M., Hala B.<\/span><\/div>\n<div class=\"yj6qo ajU\">\n<div id=\":14y\" class=\"ajR\"><span style=\"color: #00ccff\"><img decoding=\"async\" class=\"ajT\" src=\"https:\/\/ssl.gstatic.com\/ui\/v1\/icons\/mail\/images\/cleardot.gif\" alt=\"\" \/><\/span><\/div>\n<\/div>\n","protected":false},"excerpt":{"rendered":"<p>Jerusal\u00e9n, SANA \u00a0 Bandas de colonos israel\u00edes irrumpieron en la mezquita al-Aqsa custodiados por las fuerzas de ocupaci\u00f3n israel\u00edes, as\u00ed como arrestaron a un joven palestino mientras entraba en la mezquita. \u00a0 En un contexto relacionado, fuentes locales informaron que las fuerzas de ocupaci\u00f3n allanaron en la ciudad de Beit Duqqu, donde arrestaron a un &hellip;<\/p>\n","protected":false},"author":1,"featured_media":22180,"comment_status":"closed","ping_status":"closed","sticky":false,"template":"","format":"standard","meta":{"footnotes":""},"categories":[597,456],"tags":[5047],"class_list":["post-22178","post","type-post","status-publish","format-standard","has-post-thumbnail","","category-cinta-de-noticias","category-arabe-internacional-politica","tag-colonos-sionistas-irrumpen-en-la-sagrada-mezquita-al-aqsa"],"_links":{"self":[{"href":"https:\/\/archive.sana.sy\/es\/index.php?rest_route=\/wp\/v2\/posts\/22178"}],"collection":[{"href":"https:\/\/archive.sana.sy\/es\/index.php?rest_route=\/wp\/v2\/posts"}],"about":[{"href":"https:\/\/archive.sana.sy\/es\/index.php?rest_route=\/wp\/v2\/types\/post"}],"author":[{"embeddable":true,"href":"https:\/\/archive.sana.sy\/es\/index.php?rest_route=\/wp\/v2\/users\/1"}],"replies":[{"embeddable":true,"href":"https:\/\/archive.sana.sy\/es\/index.php?rest_route=%2Fwp%2Fv2%2Fcomments&post=22178"}],"version-history":[{"count":0,"href":"https:\/\/archive.sana.sy\/es\/index.php?rest_route=\/wp\/v2\/posts\/22178\/revisions"}],"wp:featuredmedia":[{"embeddable":true,"href":"https:\/\/archive.sana.sy\/es\/index.php?rest_route=\/wp\/v2\/media\/22180"}],"wp:attachment":[{"href":"https:\/\/archive.sana.sy\/es\/index.php?rest_route=%2Fwp%2Fv2%2Fmedia&parent=22178"}],"wp:term":[{"taxonomy":"category","embeddable":true,"href":"https:\/\/archive.sana.sy\/es\/index.php?rest_route=%2Fwp%2Fv2%2Fcategories&post=22178"},{"taxonomy":"post_tag","embeddable":true,"href":"https:\/\/archive.sana.sy\/es\/index.php?rest_route=%2Fwp%2Fv2%2Ftags&post=22178"}],"curies":[{"name":"wp","href":"https:\/\/api.w.org\/{rel}","templated":true}]}}