{"id":22190,"date":"2015-04-29T15:54:03","date_gmt":"2015-04-29T12:54:03","guid":{"rendered":"http:\/\/www.sana.sy\/es\/?p=22190"},"modified":"2015-04-29T16:54:08","modified_gmt":"2015-04-29T13:54:08","slug":"al-moallem-se-reune-con-el-secretario-general-de-la-asamblea-parlamentaria-del-mediterraneo","status":"publish","type":"post","link":"https:\/\/archive.sana.sy\/es\/?p=22190","title":{"rendered":"Al-Moallem se re\u00fane con el Secretario General de la Asamblea Parlamentaria del Mediterr\u00e1neo"},"content":{"rendered":"<p><span style=\"color: #800000\">Damasco, SANA<\/span><\/p>\n<p>El Viceprimer ministro y ministro de Exteriores y Expatriados, Walid al-Moallem, se reuni\u00f3 este mi\u00e9rcoles con Sergio Piazzi, el Secretario General de la Asamblea Parlamentaria del Mediterr\u00e1neo y la delegaci\u00f3n que lo acompa\u00f1a.<\/p>\n<p>Durante la reuni\u00f3n, se discuti\u00f3 la situaci\u00f3n actual en la regi\u00f3n y las amenazas terroristas que enfrenta Siria desde hace cuatro a\u00f1os.<\/p>\n<p>Durante el encuentro, el canciller sirio reafirm\u00f3 la necesidad de combatir al terrorismo, que est\u00e1 tratando de socavar a Siria con el apoyo de gobiernos en la regi\u00f3n y el mundo.<\/p>\n<p>Asimismo, hizo hincapi\u00e9 en que el terrorismo es un flagelo mundial y es una amenaza que afecta a todos los pa\u00edses, destacando que los esfuerzos de lucha contra el terrorismo requieren de una cooperaci\u00f3n verdadera por parte de todo el mundo.<\/p>\n<p>El jefe de la diplomacia siria denunci\u00f3 que algunos pa\u00edses vecinos est\u00e1n apoyando, financiando y entrenando a los terroristas y facilitan su paso hacia Siria.<\/p>\n<p>Por su parte, Piazzi\u00a0dijo que la Asamblea Parlamentaria del Mediterr\u00e1neo se est\u00e1 moviendo para combatir al terrorismo de conformidad con las resoluciones del Consejo de Seguridad, subrayando la necesidad de que todos los Estados se comprometan para implementar esas resoluciones relativas a la lucha contra el terrorismo.<\/p>\n<p>Tambi\u00e9n se\u00f1al\u00f3 que la Asamblea Parlamentaria del Mediterr\u00e1neo est\u00e1 dispuesta a cooperar con Siria en el campo de la lucha contra el terrorismo.<\/p>\n<p>Fady M., Lynn A.<\/p>\n","protected":false},"excerpt":{"rendered":"<p>Damasco, SANA El Viceprimer ministro y ministro de Exteriores y Expatriados, Walid al-Moallem, se reuni\u00f3 este mi\u00e9rcoles con Sergio Piazzi, el Secretario General de la Asamblea Parlamentaria del Mediterr\u00e1neo y la delegaci\u00f3n que lo acompa\u00f1a. Durante la reuni\u00f3n, se discuti\u00f3 la situaci\u00f3n actual en la regi\u00f3n y las amenazas terroristas que enfrenta Siria desde hace &hellip;<\/p>\n","protected":false},"author":24,"featured_media":22202,"comment_status":"closed","ping_status":"closed","sticky":false,"template":"","format":"standard","meta":{"footnotes":""},"categories":[477,597,476,576],"tags":[5050],"class_list":["post-22190","post","type-post","status-publish","format-standard","has-post-thumbnail","","category-noticias-edulcorantes","category-cinta-de-noticias","category-locales","category-noticias-politicas","tag-al-moallem-se-reune-con-el-secretario-general-de-la-asamblea-parlamentaria-del-mediterraneo"],"_links":{"self":[{"href":"https:\/\/archive.sana.sy\/es\/index.php?rest_route=\/wp\/v2\/posts\/22190"}],"collection":[{"href":"https:\/\/archive.sana.sy\/es\/index.php?rest_route=\/wp\/v2\/posts"}],"about":[{"href":"https:\/\/archive.sana.sy\/es\/index.php?rest_route=\/wp\/v2\/types\/post"}],"author":[{"embeddable":true,"href":"https:\/\/archive.sana.sy\/es\/index.php?rest_route=\/wp\/v2\/users\/24"}],"replies":[{"embeddable":true,"href":"https:\/\/archive.sana.sy\/es\/index.php?rest_route=%2Fwp%2Fv2%2Fcomments&post=22190"}],"version-history":[{"count":0,"href":"https:\/\/archive.sana.sy\/es\/index.php?rest_route=\/wp\/v2\/posts\/22190\/revisions"}],"wp:featuredmedia":[{"embeddable":true,"href":"https:\/\/archive.sana.sy\/es\/index.php?rest_route=\/wp\/v2\/media\/22202"}],"wp:attachment":[{"href":"https:\/\/archive.sana.sy\/es\/index.php?rest_route=%2Fwp%2Fv2%2Fmedia&parent=22190"}],"wp:term":[{"taxonomy":"category","embeddable":true,"href":"https:\/\/archive.sana.sy\/es\/index.php?rest_route=%2Fwp%2Fv2%2Fcategories&post=22190"},{"taxonomy":"post_tag","embeddable":true,"href":"https:\/\/archive.sana.sy\/es\/index.php?rest_route=%2Fwp%2Fv2%2Ftags&post=22190"}],"curies":[{"name":"wp","href":"https:\/\/api.w.org\/{rel}","templated":true}]}}