{"id":221947,"date":"2022-03-07T05:37:37","date_gmt":"2022-03-07T03:37:37","guid":{"rendered":"http:\/\/107.6.182.27\/es\/?p=221947"},"modified":"2023-01-10T16:38:06","modified_gmt":"2023-01-10T14:38:06","slug":"presidente-irani-dice-que-pueblo-ucraniano-es-victima-de-las-politicas-perversas-de-washington","status":"publish","type":"post","link":"https:\/\/archive.sana.sy\/es\/?p=221947","title":{"rendered":"Presidente iran\u00ed dice que pueblo ucraniano es v\u00edctima de las pol\u00edticas perversas de Washington"},"content":{"rendered":"<p style=\"text-align: justify;\"><span style=\"color: #800000;\"><strong>Teher\u00e1n, 7 mar (SANA)<\/strong> <\/span>El presidente iran\u00ed, Ebrahim Raisi, afirm\u00f3 que el pueblo ucraniano se ha convertido en v\u00edctima de las pol\u00edticas malvadas de Estados Unidos.<\/p>\n<p style=\"text-align: justify;\">Durante una reuni\u00f3n del gabinete, el mandatario anunci\u00f3 que su pa\u00eds se opone a la guerra y cree que cuanto antes se detenga, m\u00e1s contribuir\u00e1 a servir a la gente y reducir los riesgos, p\u00e9rdidas y problemas que la afectar\u00e1n.<\/p>\n<p style=\"text-align: justify;\">Tambi\u00e9n elogi\u00f3 el \u00e9xito alcanzado por su gobierno durante los \u00faltimos seis meses, especialmente en lo que respecta a la pol\u00edtica exterior, el sistema bancario y el petr\u00f3leo, sin verse afectado por las negociaciones en Viena.<\/p>\n<p style=\"text-align: justify;\">fm<\/p>\n","protected":false},"excerpt":{"rendered":"<p>Teher\u00e1n, 7 mar (SANA) El presidente iran\u00ed, Ebrahim Raisi, afirm\u00f3 que el pueblo ucraniano se ha convertido en v\u00edctima de las pol\u00edticas malvadas de Estados Unidos. Durante una reuni\u00f3n del gabinete, el mandatario anunci\u00f3 que su pa\u00eds se opone a la guerra y cree que cuanto antes se detenga, m\u00e1s contribuir\u00e1 a servir a la &hellip;<\/p>\n","protected":false},"author":34,"featured_media":221948,"comment_status":"closed","ping_status":"closed","sticky":false,"template":"","format":"standard","meta":{"footnotes":""},"categories":[597,456,7541],"tags":[],"class_list":["post-221947","post","type-post","status-publish","format-standard","has-post-thumbnail","","category-cinta-de-noticias","category-arabe-internacional-politica","category-ultimas-noticias"],"_links":{"self":[{"href":"https:\/\/archive.sana.sy\/es\/index.php?rest_route=\/wp\/v2\/posts\/221947"}],"collection":[{"href":"https:\/\/archive.sana.sy\/es\/index.php?rest_route=\/wp\/v2\/posts"}],"about":[{"href":"https:\/\/archive.sana.sy\/es\/index.php?rest_route=\/wp\/v2\/types\/post"}],"author":[{"embeddable":true,"href":"https:\/\/archive.sana.sy\/es\/index.php?rest_route=\/wp\/v2\/users\/34"}],"replies":[{"embeddable":true,"href":"https:\/\/archive.sana.sy\/es\/index.php?rest_route=%2Fwp%2Fv2%2Fcomments&post=221947"}],"version-history":[{"count":0,"href":"https:\/\/archive.sana.sy\/es\/index.php?rest_route=\/wp\/v2\/posts\/221947\/revisions"}],"wp:featuredmedia":[{"embeddable":true,"href":"https:\/\/archive.sana.sy\/es\/index.php?rest_route=\/wp\/v2\/media\/221948"}],"wp:attachment":[{"href":"https:\/\/archive.sana.sy\/es\/index.php?rest_route=%2Fwp%2Fv2%2Fmedia&parent=221947"}],"wp:term":[{"taxonomy":"category","embeddable":true,"href":"https:\/\/archive.sana.sy\/es\/index.php?rest_route=%2Fwp%2Fv2%2Fcategories&post=221947"},{"taxonomy":"post_tag","embeddable":true,"href":"https:\/\/archive.sana.sy\/es\/index.php?rest_route=%2Fwp%2Fv2%2Ftags&post=221947"}],"curies":[{"name":"wp","href":"https:\/\/api.w.org\/{rel}","templated":true}]}}