{"id":221950,"date":"2022-03-07T05:43:27","date_gmt":"2022-03-07T03:43:27","guid":{"rendered":"http:\/\/107.6.182.27\/es\/?p=221950"},"modified":"2023-01-10T14:19:47","modified_gmt":"2023-01-10T12:19:47","slug":"defensas-antiaereas-sirias-repelen-ataque-israeli-contra-el-sur-del-pais","status":"publish","type":"post","link":"https:\/\/archive.sana.sy\/es\/?p=221950","title":{"rendered":"Mueren dos civiles por agresi\u00f3n israel\u00ed con misiles contra inmediaciones de Damasco"},"content":{"rendered":"<p style=\"text-align: justify;\"><span style=\"color: #800000;\"><strong>Damasco, 7 mar (SANA)\u00a0 <\/strong><\/span>\u00a0Las defensas antia\u00e9reas del ej\u00e9rcito sirio actuaron en horas tempranas de la ma\u00f1ana de hoy a una agresi\u00f3n israel\u00ed con misiles en la regi\u00f3n sur de Siria.<\/p>\n<p style=\"text-align: justify;\">Una fuente militar coment\u00f3 que \u201calrededor de a las 05:00 am hora local de este 3 de marzo 2022, el enemigo israel\u00ed perpetr\u00f3 una agresi\u00f3n a\u00e9rea desde el espacio a\u00e9reo del sur de la capital libanesa Beirut contra algunos puntos en las cercan\u00edas de la ciudad de Damasco\u201d.<\/p>\n<p style=\"text-align: justify;\">Agreg\u00f3 que las defensas antia\u00e9reas actuaron y derribaron la mayor\u00eda de los misiles israel\u00edes.<\/p>\n<p style=\"text-align: justify;\">La agresi\u00f3n, seg\u00fan la fuente, caus\u00f3 la muerte de dos civiles y ocasion\u00f3 algunas p\u00e9rdidas materiales.<\/p>\n<p style=\"text-align: justify;\">fm<\/p>\n<div id='gallery-1' class='gallery galleryid-221950 gallery-columns-1 gallery-size-full'><figure class='gallery-item'>\n\t\t\t<div class='gallery-icon landscape'>\n\t\t\t\t<a href='https:\/\/archive.sana.sy\/es\/wp-content\/uploads\/2022\/03\/photo_2022-03-07_05-35-03-2.jpg'><img loading=\"lazy\" decoding=\"async\" width=\"1280\" height=\"913\" src=\"https:\/\/archive.sana.sy\/es\/wp-content\/uploads\/2022\/03\/photo_2022-03-07_05-35-03-2.jpg\" class=\"attachment-full size-full\" alt=\"\" srcset=\"https:\/\/archive.sana.sy\/es\/wp-content\/uploads\/2022\/03\/photo_2022-03-07_05-35-03-2.jpg 1280w, https:\/\/archive.sana.sy\/es\/wp-content\/uploads\/2022\/03\/photo_2022-03-07_05-35-03-2-300x214.jpg 300w, https:\/\/archive.sana.sy\/es\/wp-content\/uploads\/2022\/03\/photo_2022-03-07_05-35-03-2-1024x730.jpg 1024w, https:\/\/archive.sana.sy\/es\/wp-content\/uploads\/2022\/03\/photo_2022-03-07_05-35-03-2-150x107.jpg 150w, https:\/\/archive.sana.sy\/es\/wp-content\/uploads\/2022\/03\/photo_2022-03-07_05-35-03-2-768x548.jpg 768w\" sizes=\"(max-width: 1280px) 100vw, 1280px\" \/><\/a>\n\t\t\t<\/div><\/figure><figure class='gallery-item'>\n\t\t\t<div class='gallery-icon landscape'>\n\t\t\t\t<a href='https:\/\/archive.sana.sy\/es\/wp-content\/uploads\/2022\/03\/photo_2022-03-07_05-35-03-3.jpg'><img loading=\"lazy\" decoding=\"async\" width=\"1280\" height=\"946\" src=\"https:\/\/archive.sana.sy\/es\/wp-content\/uploads\/2022\/03\/photo_2022-03-07_05-35-03-3.jpg\" class=\"attachment-full size-full\" alt=\"\" srcset=\"https:\/\/archive.sana.sy\/es\/wp-content\/uploads\/2022\/03\/photo_2022-03-07_05-35-03-3.jpg 1280w, https:\/\/archive.sana.sy\/es\/wp-content\/uploads\/2022\/03\/photo_2022-03-07_05-35-03-3-300x222.jpg 300w, https:\/\/archive.sana.sy\/es\/wp-content\/uploads\/2022\/03\/photo_2022-03-07_05-35-03-3-1024x757.jpg 1024w, https:\/\/archive.sana.sy\/es\/wp-content\/uploads\/2022\/03\/photo_2022-03-07_05-35-03-3-150x111.jpg 150w, https:\/\/archive.sana.sy\/es\/wp-content\/uploads\/2022\/03\/photo_2022-03-07_05-35-03-3-768x568.jpg 768w\" sizes=\"(max-width: 1280px) 100vw, 1280px\" \/><\/a>\n\t\t\t<\/div><\/figure>\n\t\t<\/div>\n\n<p style=\"text-align: justify;\">\n<p style=\"text-align: justify;\">\n","protected":false},"excerpt":{"rendered":"<p>Damasco, 7 mar (SANA)\u00a0 \u00a0Las defensas antia\u00e9reas del ej\u00e9rcito sirio actuaron en horas tempranas de la ma\u00f1ana de hoy a una agresi\u00f3n israel\u00ed con misiles en la regi\u00f3n sur de Siria. Una fuente militar coment\u00f3 que \u201calrededor de a las 05:00 am hora local de este 3 de marzo 2022, el enemigo israel\u00ed perpetr\u00f3 una &hellip;<\/p>\n","protected":false},"author":34,"featured_media":221951,"comment_status":"closed","ping_status":"closed","sticky":false,"template":"","format":"standard","meta":{"footnotes":""},"categories":[447,477,597,476,457,583],"tags":[],"class_list":["post-221950","post","type-post","status-publish","format-standard","has-post-thumbnail","","category-local-politica","category-noticias-edulcorantes","category-cinta-de-noticias","category-locales","category-noticias-arabe-internacional-politica","category-slide"],"_links":{"self":[{"href":"https:\/\/archive.sana.sy\/es\/index.php?rest_route=\/wp\/v2\/posts\/221950"}],"collection":[{"href":"https:\/\/archive.sana.sy\/es\/index.php?rest_route=\/wp\/v2\/posts"}],"about":[{"href":"https:\/\/archive.sana.sy\/es\/index.php?rest_route=\/wp\/v2\/types\/post"}],"author":[{"embeddable":true,"href":"https:\/\/archive.sana.sy\/es\/index.php?rest_route=\/wp\/v2\/users\/34"}],"replies":[{"embeddable":true,"href":"https:\/\/archive.sana.sy\/es\/index.php?rest_route=%2Fwp%2Fv2%2Fcomments&post=221950"}],"version-history":[{"count":0,"href":"https:\/\/archive.sana.sy\/es\/index.php?rest_route=\/wp\/v2\/posts\/221950\/revisions"}],"wp:featuredmedia":[{"embeddable":true,"href":"https:\/\/archive.sana.sy\/es\/index.php?rest_route=\/wp\/v2\/media\/221951"}],"wp:attachment":[{"href":"https:\/\/archive.sana.sy\/es\/index.php?rest_route=%2Fwp%2Fv2%2Fmedia&parent=221950"}],"wp:term":[{"taxonomy":"category","embeddable":true,"href":"https:\/\/archive.sana.sy\/es\/index.php?rest_route=%2Fwp%2Fv2%2Fcategories&post=221950"},{"taxonomy":"post_tag","embeddable":true,"href":"https:\/\/archive.sana.sy\/es\/index.php?rest_route=%2Fwp%2Fv2%2Ftags&post=221950"}],"curies":[{"name":"wp","href":"https:\/\/api.w.org\/{rel}","templated":true}]}}