{"id":221998,"date":"2022-03-07T09:00:57","date_gmt":"2022-03-07T07:00:57","guid":{"rendered":"http:\/\/107.6.182.27\/es\/?p=221998"},"modified":"2023-01-10T16:38:05","modified_gmt":"2023-01-10T14:38:05","slug":"moscu-rechaza-decision-de-alemania-de-suministrar-armas-a-ucrania","status":"publish","type":"post","link":"https:\/\/archive.sana.sy\/es\/?p=221998","title":{"rendered":"Mosc\u00fa rechaza decisi\u00f3n de Alemania de suministrar armas a Ucrania"},"content":{"rendered":"<p style=\"text-align: justify;\"><strong><span style=\"color: #800000;\">Mosc\u00fa, 7 mar (SANA)<\/span><\/strong>\u00a0 El representante del Ministerio de Exteriores de Rusia, Oleg Tiapkin, dijo hoy que su pa\u00eds est\u00e1 decepcionado por la decisi\u00f3n de Berl\u00edn de suministrar armas a Kiev, y consider\u00f3 que este armamento puede caer en manos de terroristas y saqueadores.<\/p>\n<p style=\"text-align: justify;\">&#8220;Estamos profundamente decepcionados de que el Gobierno alem\u00e1n, en violaci\u00f3n de su propia legislaci\u00f3n nacional y de restricciones legales a nivel de la UE, se haya alejado en esa esfera de su comedido curso anterior, que se debi\u00f3, entre otras cosas, a consideraciones de responsabilidad hist\u00f3rica de Alemania ante los pueblos de la antigua URSS&#8221;, dijo el diplom\u00e1tico en una entrevista con la agencia Sputnik.<\/p>\n<p style=\"text-align: justify;\">Para Tiapkin, ese paso de Berl\u00edn muestra que Alemania se solidariz\u00f3 totalmente con &#8220;el enfoque antirruso&#8221; de Occidente, y cierra de manera premeditada los canales de comunicaci\u00f3n con Mosc\u00fa.<\/p>\n<p style=\"text-align: justify;\"><em>fm\/ws<\/em><\/p>\n","protected":false},"excerpt":{"rendered":"<p>Mosc\u00fa, 7 mar (SANA)\u00a0 El representante del Ministerio de Exteriores de Rusia, Oleg Tiapkin, dijo hoy que su pa\u00eds est\u00e1 decepcionado por la decisi\u00f3n de Berl\u00edn de suministrar armas a Kiev, y consider\u00f3 que este armamento puede caer en manos de terroristas y saqueadores. &#8220;Estamos profundamente decepcionados de que el Gobierno alem\u00e1n, en violaci\u00f3n de &hellip;<\/p>\n","protected":false},"author":35,"featured_media":221999,"comment_status":"closed","ping_status":"closed","sticky":false,"template":"","format":"standard","meta":{"footnotes":""},"categories":[597,456,457,7541],"tags":[],"class_list":["post-221998","post","type-post","status-publish","format-standard","has-post-thumbnail","","category-cinta-de-noticias","category-arabe-internacional-politica","category-noticias-arabe-internacional-politica","category-ultimas-noticias"],"_links":{"self":[{"href":"https:\/\/archive.sana.sy\/es\/index.php?rest_route=\/wp\/v2\/posts\/221998"}],"collection":[{"href":"https:\/\/archive.sana.sy\/es\/index.php?rest_route=\/wp\/v2\/posts"}],"about":[{"href":"https:\/\/archive.sana.sy\/es\/index.php?rest_route=\/wp\/v2\/types\/post"}],"author":[{"embeddable":true,"href":"https:\/\/archive.sana.sy\/es\/index.php?rest_route=\/wp\/v2\/users\/35"}],"replies":[{"embeddable":true,"href":"https:\/\/archive.sana.sy\/es\/index.php?rest_route=%2Fwp%2Fv2%2Fcomments&post=221998"}],"version-history":[{"count":0,"href":"https:\/\/archive.sana.sy\/es\/index.php?rest_route=\/wp\/v2\/posts\/221998\/revisions"}],"wp:featuredmedia":[{"embeddable":true,"href":"https:\/\/archive.sana.sy\/es\/index.php?rest_route=\/wp\/v2\/media\/221999"}],"wp:attachment":[{"href":"https:\/\/archive.sana.sy\/es\/index.php?rest_route=%2Fwp%2Fv2%2Fmedia&parent=221998"}],"wp:term":[{"taxonomy":"category","embeddable":true,"href":"https:\/\/archive.sana.sy\/es\/index.php?rest_route=%2Fwp%2Fv2%2Fcategories&post=221998"},{"taxonomy":"post_tag","embeddable":true,"href":"https:\/\/archive.sana.sy\/es\/index.php?rest_route=%2Fwp%2Fv2%2Ftags&post=221998"}],"curies":[{"name":"wp","href":"https:\/\/api.w.org\/{rel}","templated":true}]}}