{"id":222026,"date":"2022-03-07T11:44:11","date_gmt":"2022-03-07T09:44:11","guid":{"rendered":"http:\/\/107.6.182.27\/es\/?p=222026"},"modified":"2023-01-10T16:38:05","modified_gmt":"2023-01-10T14:38:05","slug":"precios-de-gas-alcanzan-maximos-historicos-en-la-ue","status":"publish","type":"post","link":"https:\/\/archive.sana.sy\/es\/?p=222026","title":{"rendered":"Precios de gas alcanzan m\u00e1ximos hist\u00f3ricos en la UE"},"content":{"rendered":"<p style=\"text-align: justify;\"><strong>Mosc\u00fa, 7 mar (SANA)<\/strong> Los precios de los contratos de gas en Europa contin\u00faan actualizando m\u00e1ximos hist\u00f3ricos y registraron un aumento en m\u00e1s de un 38%, y el precio de 1.000 metros c\u00fabicos super\u00f3 ya los 3.000 d\u00f3lares.<\/p>\n<p style=\"text-align: justify;\">Seg\u00fan los datos de la bolsa de Londres ICE, las cotizaciones subieron m\u00e1s de 600 d\u00f3lares en menos de una hora.<\/p>\n<p style=\"text-align: justify;\">&#8220;Hasta el momento, el precio m\u00e1ximo alcanzado es de 3009,3 d\u00f3lares, un 38,7% por encima del precio estimado del 4 de marzo de 2170,2 d\u00f3lares, inform\u00f3 la agencia Sputnik.<\/p>\n<p style=\"text-align: justify;\">Los precios del gas en Europa han sido muy vol\u00e1tiles en los \u00faltimos d\u00edas, pero han subido dr\u00e1sticamente despu\u00e9s de que el presidente ruso, Vlad\u00edmir Putin, firmara el 21 de febrero los decretos sobre el reconocimiento de las Rep\u00fablicas Populares de Donetsk y Lugansk y tres d\u00edas m\u00e1s tarde anunciara el lanzamiento de una &#8220;operaci\u00f3n militar especial&#8221; en Ucrania.<\/p>\n<p style=\"text-align: justify;\">fm\/ed<\/p>\n","protected":false},"excerpt":{"rendered":"<p>Mosc\u00fa, 7 mar (SANA) Los precios de los contratos de gas en Europa contin\u00faan actualizando m\u00e1ximos hist\u00f3ricos y registraron un aumento en m\u00e1s de un 38%, y el precio de 1.000 metros c\u00fabicos super\u00f3 ya los 3.000 d\u00f3lares. Seg\u00fan los datos de la bolsa de Londres ICE, las cotizaciones subieron m\u00e1s de 600 d\u00f3lares en &hellip;<\/p>\n","protected":false},"author":32,"featured_media":222027,"comment_status":"closed","ping_status":"closed","sticky":false,"template":"","format":"standard","meta":{"footnotes":""},"categories":[597,456],"tags":[7016,19758],"class_list":["post-222026","post","type-post","status-publish","format-standard","has-post-thumbnail","","category-cinta-de-noticias","category-arabe-internacional-politica","tag-moscu","tag-ue"],"_links":{"self":[{"href":"https:\/\/archive.sana.sy\/es\/index.php?rest_route=\/wp\/v2\/posts\/222026"}],"collection":[{"href":"https:\/\/archive.sana.sy\/es\/index.php?rest_route=\/wp\/v2\/posts"}],"about":[{"href":"https:\/\/archive.sana.sy\/es\/index.php?rest_route=\/wp\/v2\/types\/post"}],"author":[{"embeddable":true,"href":"https:\/\/archive.sana.sy\/es\/index.php?rest_route=\/wp\/v2\/users\/32"}],"replies":[{"embeddable":true,"href":"https:\/\/archive.sana.sy\/es\/index.php?rest_route=%2Fwp%2Fv2%2Fcomments&post=222026"}],"version-history":[{"count":0,"href":"https:\/\/archive.sana.sy\/es\/index.php?rest_route=\/wp\/v2\/posts\/222026\/revisions"}],"wp:featuredmedia":[{"embeddable":true,"href":"https:\/\/archive.sana.sy\/es\/index.php?rest_route=\/wp\/v2\/media\/222027"}],"wp:attachment":[{"href":"https:\/\/archive.sana.sy\/es\/index.php?rest_route=%2Fwp%2Fv2%2Fmedia&parent=222026"}],"wp:term":[{"taxonomy":"category","embeddable":true,"href":"https:\/\/archive.sana.sy\/es\/index.php?rest_route=%2Fwp%2Fv2%2Fcategories&post=222026"},{"taxonomy":"post_tag","embeddable":true,"href":"https:\/\/archive.sana.sy\/es\/index.php?rest_route=%2Fwp%2Fv2%2Ftags&post=222026"}],"curies":[{"name":"wp","href":"https:\/\/api.w.org\/{rel}","templated":true}]}}