{"id":222053,"date":"2022-03-07T13:51:25","date_gmt":"2022-03-07T11:51:25","guid":{"rendered":"http:\/\/107.6.182.27\/es\/?p=222053"},"modified":"2023-01-10T16:38:05","modified_gmt":"2023-01-10T14:38:05","slug":"grupo-de-sabotaje-georgiano-opera-en-ucrania","status":"publish","type":"post","link":"https:\/\/archive.sana.sy\/es\/?p=222053","title":{"rendered":"Grupo de sabotaje georgiano opera en Ucrania"},"content":{"rendered":"<p style=\"text-align: justify;\"><strong><span style=\"color: #800000;\">Mosc\u00fa, 7 mar (SANA)\u00a0 \u00a0<\/span> <\/strong>Los miembros del grupo de sabotaje y reconocimiento denominado &#8220;Legi\u00f3n Nacional Georgiana&#8221;, que participaron en los combates en Afganist\u00e1n y en Irak, cooperan con las tropas ucranianas, declar\u00f3 una fuente citada por Sputnik.<\/p>\n<p style=\"text-align: justify;\">El grupo paramilitar &#8220;est\u00e1 compuesto por unas 25 personas, en su mayor\u00eda ciudadanos de Georgia, que se dedican al sabotaje y reconocimiento&#8221;, principalmente en la Rep\u00fablica Popular de Lugansk.<\/p>\n<p style=\"text-align: justify;\">&#8220;El alistamiento de voluntarios se lleva a cabo en el territorio de Georgia, entre los nacionalistas que tienen experiencia en operaciones militares contra Rusia, incluidos los participantes en el conflicto entre Georgia y Abjasia, as\u00ed como entre Georgia y Osetia, as\u00ed como en misiones en Afganist\u00e1n e Irak&#8221;, dijo la fuente.<\/p>\n<p style=\"text-align: justify;\">&#8220;El comandante de campo de la Legi\u00f3n Nacional Georgiana es Mamulashvili Ushangui, nacido el 22.04.1978, de la ciudad de Tbilisi, Veterano de guerra de Georgia, tras participar en el conflicto armado en Abjasia y posiblemente en Sud\u00e1frica en el pasado, tom\u00f3 parte en enfrentamientos en la Rep\u00fablica de Chechenia como mercenario&#8221;, subray\u00f3.<\/p>\n<p style=\"text-align: justify;\">&#8220;Mamulashvili tambi\u00e9n viaj\u00f3 al territorio de EEUU, donde se reuni\u00f3 con las di\u00e1sporas ucraniana y georgiana, as\u00ed como con representantes de organizaciones militares estadounidenses&#8221;, agreg\u00f3.<\/p>\n<p style=\"text-align: justify;\">fm\/ed<\/p>\n","protected":false},"excerpt":{"rendered":"<p>Mosc\u00fa, 7 mar (SANA)\u00a0 \u00a0 Los miembros del grupo de sabotaje y reconocimiento denominado &#8220;Legi\u00f3n Nacional Georgiana&#8221;, que participaron en los combates en Afganist\u00e1n y en Irak, cooperan con las tropas ucranianas, declar\u00f3 una fuente citada por Sputnik. El grupo paramilitar &#8220;est\u00e1 compuesto por unas 25 personas, en su mayor\u00eda ciudadanos de Georgia, que se &hellip;<\/p>\n","protected":false},"author":32,"featured_media":222054,"comment_status":"closed","ping_status":"closed","sticky":false,"template":"","format":"standard","meta":{"footnotes":""},"categories":[597,456],"tags":[7023,7016,20357],"class_list":["post-222053","post","type-post","status-publish","format-standard","has-post-thumbnail","","category-cinta-de-noticias","category-arabe-internacional-politica","tag-irak","tag-moscu","tag-ucrania"],"_links":{"self":[{"href":"https:\/\/archive.sana.sy\/es\/index.php?rest_route=\/wp\/v2\/posts\/222053"}],"collection":[{"href":"https:\/\/archive.sana.sy\/es\/index.php?rest_route=\/wp\/v2\/posts"}],"about":[{"href":"https:\/\/archive.sana.sy\/es\/index.php?rest_route=\/wp\/v2\/types\/post"}],"author":[{"embeddable":true,"href":"https:\/\/archive.sana.sy\/es\/index.php?rest_route=\/wp\/v2\/users\/32"}],"replies":[{"embeddable":true,"href":"https:\/\/archive.sana.sy\/es\/index.php?rest_route=%2Fwp%2Fv2%2Fcomments&post=222053"}],"version-history":[{"count":0,"href":"https:\/\/archive.sana.sy\/es\/index.php?rest_route=\/wp\/v2\/posts\/222053\/revisions"}],"wp:featuredmedia":[{"embeddable":true,"href":"https:\/\/archive.sana.sy\/es\/index.php?rest_route=\/wp\/v2\/media\/222054"}],"wp:attachment":[{"href":"https:\/\/archive.sana.sy\/es\/index.php?rest_route=%2Fwp%2Fv2%2Fmedia&parent=222053"}],"wp:term":[{"taxonomy":"category","embeddable":true,"href":"https:\/\/archive.sana.sy\/es\/index.php?rest_route=%2Fwp%2Fv2%2Fcategories&post=222053"},{"taxonomy":"post_tag","embeddable":true,"href":"https:\/\/archive.sana.sy\/es\/index.php?rest_route=%2Fwp%2Fv2%2Ftags&post=222053"}],"curies":[{"name":"wp","href":"https:\/\/api.w.org\/{rel}","templated":true}]}}