{"id":222140,"date":"2022-03-07T18:37:37","date_gmt":"2022-03-07T16:37:37","guid":{"rendered":"http:\/\/107.6.182.27\/es\/?p=222140"},"modified":"2023-01-10T16:38:04","modified_gmt":"2023-01-10T14:38:04","slug":"presidente-del-consejo-europeo-la-adhesion-de-ucrania-a-la-union-se-debatira-proximamente","status":"publish","type":"post","link":"https:\/\/archive.sana.sy\/es\/?p=222140","title":{"rendered":"Presidente del Consejo Europeo: La adhesi\u00f3n de Ucrania a la Uni\u00f3n se debatir\u00e1 pr\u00f3ximamente"},"content":{"rendered":"<p style=\"text-align: justify;\"><span style=\"color: #800000;\"><strong>Bruselas, 07 mar (SANA)\u00a0 <\/strong><\/span>El presidente del Consejo Europeo, Charles Michel, ha anunciado que la adhesi\u00f3n de Ucrania a la Uni\u00f3n Europea se debatir\u00e1 pr\u00f3ximamente.<\/p>\n<p style=\"text-align: justify;\">&#8220;La solicitud de adhesi\u00f3n de Ucrania a la Uni\u00f3n Europea se discutir\u00e1 en los pr\u00f3ximos d\u00edas&#8221;, dijo Michel -citado por la Agencia italiana de noticias AKI-, en su cuenta de Twitter despu\u00e9s de una conversaci\u00f3n telef\u00f3nica con el presidente ruso, Vladimir Putin, precedida de otro contacto con el presidente ucraniano, Volodymyr Zelensky.<\/p>\n<p style=\"text-align: justify;\">Bloomberg tambi\u00e9n cit\u00f3 a fuentes diplom\u00e1ticas que Alemania, los Pa\u00edses Bajos y varios pa\u00edses europeos se oponen a conceder a Ucrania el estatus de candidato esta semana para integrarse en la Uni\u00f3n Europea.<\/p>\n<p style=\"text-align: justify;\">Las fuentes se\u00f1alaron que algunos pa\u00edses creen que es necesario centrarse en apoyar y ayudar a Kiev en lugar de embarcarse en un proceso que podr\u00eda llevar a\u00f1os.<\/p>\n<p style=\"text-align: justify;\"><em><strong>ah\/rsh<\/strong><\/em><\/p>\n","protected":false},"excerpt":{"rendered":"<p>Bruselas, 07 mar (SANA)\u00a0 El presidente del Consejo Europeo, Charles Michel, ha anunciado que la adhesi\u00f3n de Ucrania a la Uni\u00f3n Europea se debatir\u00e1 pr\u00f3ximamente. &#8220;La solicitud de adhesi\u00f3n de Ucrania a la Uni\u00f3n Europea se discutir\u00e1 en los pr\u00f3ximos d\u00edas&#8221;, dijo Michel -citado por la Agencia italiana de noticias AKI-, en su cuenta de &hellip;<\/p>\n","protected":false},"author":30,"featured_media":222141,"comment_status":"closed","ping_status":"closed","sticky":false,"template":"","format":"standard","meta":{"footnotes":""},"categories":[597,456],"tags":[],"class_list":["post-222140","post","type-post","status-publish","format-standard","has-post-thumbnail","","category-cinta-de-noticias","category-arabe-internacional-politica"],"_links":{"self":[{"href":"https:\/\/archive.sana.sy\/es\/index.php?rest_route=\/wp\/v2\/posts\/222140"}],"collection":[{"href":"https:\/\/archive.sana.sy\/es\/index.php?rest_route=\/wp\/v2\/posts"}],"about":[{"href":"https:\/\/archive.sana.sy\/es\/index.php?rest_route=\/wp\/v2\/types\/post"}],"author":[{"embeddable":true,"href":"https:\/\/archive.sana.sy\/es\/index.php?rest_route=\/wp\/v2\/users\/30"}],"replies":[{"embeddable":true,"href":"https:\/\/archive.sana.sy\/es\/index.php?rest_route=%2Fwp%2Fv2%2Fcomments&post=222140"}],"version-history":[{"count":0,"href":"https:\/\/archive.sana.sy\/es\/index.php?rest_route=\/wp\/v2\/posts\/222140\/revisions"}],"wp:featuredmedia":[{"embeddable":true,"href":"https:\/\/archive.sana.sy\/es\/index.php?rest_route=\/wp\/v2\/media\/222141"}],"wp:attachment":[{"href":"https:\/\/archive.sana.sy\/es\/index.php?rest_route=%2Fwp%2Fv2%2Fmedia&parent=222140"}],"wp:term":[{"taxonomy":"category","embeddable":true,"href":"https:\/\/archive.sana.sy\/es\/index.php?rest_route=%2Fwp%2Fv2%2Fcategories&post=222140"},{"taxonomy":"post_tag","embeddable":true,"href":"https:\/\/archive.sana.sy\/es\/index.php?rest_route=%2Fwp%2Fv2%2Ftags&post=222140"}],"curies":[{"name":"wp","href":"https:\/\/api.w.org\/{rel}","templated":true}]}}