{"id":222144,"date":"2022-03-07T18:51:49","date_gmt":"2022-03-07T16:51:49","guid":{"rendered":"http:\/\/107.6.182.27\/es\/?p=222144"},"modified":"2023-01-10T16:38:03","modified_gmt":"2023-01-10T14:38:03","slug":"arranca-tercera-ronda-de-negociaciones-ruso-ucranianas-en-bielorrusia","status":"publish","type":"post","link":"https:\/\/archive.sana.sy\/es\/?p=222144","title":{"rendered":"Arranca tercera ronda de negociaciones ruso-ucranianas en Bielorrusia"},"content":{"rendered":"<p style=\"text-align: justify;\"><span style=\"color: #800000;\"><strong>Minsk, 07 mar (SANA)\u00a0 <\/strong><\/span>La tercera ronda de negociaciones entre Rusia y Ucrania arranc\u00f3 en la regi\u00f3n bielorrusa de Belavigskaya Pusha.<\/p>\n<p style=\"text-align: justify;\">Tanto la Embajada de Rusia en Minsk como la delegaci\u00f3n ucraniana y el Ministerio de Exteriores de Bielorrusia confirmaron el inicio de las negociaciones de la tercera ronda en Belavigskaya Pusha.<\/p>\n<p style=\"text-align: justify;\">Poco antes de comenzarse las negociaciones, el jefe de la delegaci\u00f3n rusa, Vladimir Medinsky, dijo que la tercera ronda se centrar\u00eda en discutir el tema de la soluci\u00f3n pol\u00edtica interna en Ucrania, los aspectos humanitarios internacionales y las cuestiones militares.<\/p>\n<p style=\"text-align: justify;\">La primera ronda de negociaciones entre Rusia y Ucrania se celebr\u00f3 en la provincia de Gomel de Bielorrusia el 28 de febrero y la segunda en la provincia bielorrusa de Brest el jueves \u00faltimo.<\/p>\n<p style=\"text-align: justify;\"><em><strong>ah\/rsh<\/strong><\/em><\/p>\n","protected":false},"excerpt":{"rendered":"<p>Minsk, 07 mar (SANA)\u00a0 La tercera ronda de negociaciones entre Rusia y Ucrania arranc\u00f3 en la regi\u00f3n bielorrusa de Belavigskaya Pusha. Tanto la Embajada de Rusia en Minsk como la delegaci\u00f3n ucraniana y el Ministerio de Exteriores de Bielorrusia confirmaron el inicio de las negociaciones de la tercera ronda en Belavigskaya Pusha. Poco antes de &hellip;<\/p>\n","protected":false},"author":30,"featured_media":222145,"comment_status":"closed","ping_status":"closed","sticky":false,"template":"","format":"standard","meta":{"footnotes":""},"categories":[597,456],"tags":[],"class_list":["post-222144","post","type-post","status-publish","format-standard","has-post-thumbnail","","category-cinta-de-noticias","category-arabe-internacional-politica"],"_links":{"self":[{"href":"https:\/\/archive.sana.sy\/es\/index.php?rest_route=\/wp\/v2\/posts\/222144"}],"collection":[{"href":"https:\/\/archive.sana.sy\/es\/index.php?rest_route=\/wp\/v2\/posts"}],"about":[{"href":"https:\/\/archive.sana.sy\/es\/index.php?rest_route=\/wp\/v2\/types\/post"}],"author":[{"embeddable":true,"href":"https:\/\/archive.sana.sy\/es\/index.php?rest_route=\/wp\/v2\/users\/30"}],"replies":[{"embeddable":true,"href":"https:\/\/archive.sana.sy\/es\/index.php?rest_route=%2Fwp%2Fv2%2Fcomments&post=222144"}],"version-history":[{"count":0,"href":"https:\/\/archive.sana.sy\/es\/index.php?rest_route=\/wp\/v2\/posts\/222144\/revisions"}],"wp:featuredmedia":[{"embeddable":true,"href":"https:\/\/archive.sana.sy\/es\/index.php?rest_route=\/wp\/v2\/media\/222145"}],"wp:attachment":[{"href":"https:\/\/archive.sana.sy\/es\/index.php?rest_route=%2Fwp%2Fv2%2Fmedia&parent=222144"}],"wp:term":[{"taxonomy":"category","embeddable":true,"href":"https:\/\/archive.sana.sy\/es\/index.php?rest_route=%2Fwp%2Fv2%2Fcategories&post=222144"},{"taxonomy":"post_tag","embeddable":true,"href":"https:\/\/archive.sana.sy\/es\/index.php?rest_route=%2Fwp%2Fv2%2Ftags&post=222144"}],"curies":[{"name":"wp","href":"https:\/\/api.w.org\/{rel}","templated":true}]}}