{"id":222154,"date":"2022-03-07T19:29:37","date_gmt":"2022-03-07T17:29:37","guid":{"rendered":"http:\/\/107.6.182.27\/es\/?p=222154"},"modified":"2023-01-10T16:38:03","modified_gmt":"2023-01-10T14:38:03","slug":"soldados-israelies-matan-a-un-palestino-en-la-ciudad-vieja-de-jerusalen-ocupada","status":"publish","type":"post","link":"https:\/\/archive.sana.sy\/es\/?p=222154","title":{"rendered":"Soldados israel\u00edes matan a un palestino en la Ciudad Vieja de Jerusal\u00e9n ocupada"},"content":{"rendered":"<p style=\"text-align: justify;\"><span style=\"color: #800000;\"><strong>Jerusal\u00e9n ocupada, 07 mar (SANA)\u00a0 <\/strong><\/span>Un joven palestino fue asesinado a tiros por las fuerzas de ocupaci\u00f3n israel\u00edes mientras realizaba una operaci\u00f3n heroica en la Ciudad Vieja de la Jerusal\u00e9n ocupada.<\/p>\n<p style=\"text-align: justify;\">Seg\u00fan la agencia palestina WAFA, la ocupaci\u00f3n dispar\u00f3 directamente a un palestino que apu\u00f1al\u00f3 e hiri\u00f3 a dos de sus efectivos cerca de Bab al-Qatanin en la Ciudad Vieja.<\/p>\n<p style=\"text-align: justify;\">Las fuerzas de ocupaci\u00f3n intensificaron su presencia en la Ciudad Vieja y erigieron barreras en sus entradas, obstaculizando el movimiento de los palestinos.<\/p>\n<p style=\"text-align: justify;\"><em><strong>ah\/rsh<\/strong><\/em><\/p>\n","protected":false},"excerpt":{"rendered":"<p>Jerusal\u00e9n ocupada, 07 mar (SANA)\u00a0 Un joven palestino fue asesinado a tiros por las fuerzas de ocupaci\u00f3n israel\u00edes mientras realizaba una operaci\u00f3n heroica en la Ciudad Vieja de la Jerusal\u00e9n ocupada. Seg\u00fan la agencia palestina WAFA, la ocupaci\u00f3n dispar\u00f3 directamente a un palestino que apu\u00f1al\u00f3 e hiri\u00f3 a dos de sus efectivos cerca de Bab &hellip;<\/p>\n","protected":false},"author":30,"featured_media":222155,"comment_status":"closed","ping_status":"closed","sticky":false,"template":"","format":"standard","meta":{"footnotes":""},"categories":[597,456],"tags":[],"class_list":["post-222154","post","type-post","status-publish","format-standard","has-post-thumbnail","","category-cinta-de-noticias","category-arabe-internacional-politica"],"_links":{"self":[{"href":"https:\/\/archive.sana.sy\/es\/index.php?rest_route=\/wp\/v2\/posts\/222154"}],"collection":[{"href":"https:\/\/archive.sana.sy\/es\/index.php?rest_route=\/wp\/v2\/posts"}],"about":[{"href":"https:\/\/archive.sana.sy\/es\/index.php?rest_route=\/wp\/v2\/types\/post"}],"author":[{"embeddable":true,"href":"https:\/\/archive.sana.sy\/es\/index.php?rest_route=\/wp\/v2\/users\/30"}],"replies":[{"embeddable":true,"href":"https:\/\/archive.sana.sy\/es\/index.php?rest_route=%2Fwp%2Fv2%2Fcomments&post=222154"}],"version-history":[{"count":0,"href":"https:\/\/archive.sana.sy\/es\/index.php?rest_route=\/wp\/v2\/posts\/222154\/revisions"}],"wp:featuredmedia":[{"embeddable":true,"href":"https:\/\/archive.sana.sy\/es\/index.php?rest_route=\/wp\/v2\/media\/222155"}],"wp:attachment":[{"href":"https:\/\/archive.sana.sy\/es\/index.php?rest_route=%2Fwp%2Fv2%2Fmedia&parent=222154"}],"wp:term":[{"taxonomy":"category","embeddable":true,"href":"https:\/\/archive.sana.sy\/es\/index.php?rest_route=%2Fwp%2Fv2%2Fcategories&post=222154"},{"taxonomy":"post_tag","embeddable":true,"href":"https:\/\/archive.sana.sy\/es\/index.php?rest_route=%2Fwp%2Fv2%2Ftags&post=222154"}],"curies":[{"name":"wp","href":"https:\/\/api.w.org\/{rel}","templated":true}]}}