{"id":222161,"date":"2022-03-07T19:45:10","date_gmt":"2022-03-07T17:45:10","guid":{"rendered":"http:\/\/107.6.182.27\/es\/?p=222161"},"modified":"2023-01-10T16:38:03","modified_gmt":"2023-01-10T14:38:03","slug":"el-partido-rusia-unida-propone-nacionalizacion-de-la-propiedad-de-las-empresas-extranjeras-retirada-del-pais","status":"publish","type":"post","link":"https:\/\/archive.sana.sy\/es\/?p=222161","title":{"rendered":"El Partido Rusia Unida propone nacionalizaci\u00f3n de la propiedad de las empresas extranjeras retirada del pa\u00eds"},"content":{"rendered":"<p style=\"text-align: justify;\"><span style=\"color: #800000;\"><strong>Mosc\u00fa, 07 mar (SANA)\u00a0 <\/strong><\/span>El secretario del consejo del gobernante Partido Rusia Unida, Andrei Turchak, ha propuesto nacionalizar la propiedad de las empresas extranjeras que han anunciado su retirada y el cese de sus proyectos en Rusia tras la operaci\u00f3n militar especial en Ucrania.<\/p>\n<p style=\"text-align: justify;\">&#8220;Las acciones de las empresas occidentales est\u00e1n politizadas y dejan sin empleo a un gran n\u00famero de trabajadores rusos, as\u00ed como da\u00f1an la econom\u00eda de sus propios pa\u00edses&#8221;, dijo Turchak en una declaraci\u00f3n.<\/p>\n<p style=\"text-align: justify;\">Agreg\u00f3 que Occidente ha provocado una guerra de sanciones contra Rusia en la que implic\u00f3 a las empresas privadas, enfatizando que Rusia defender\u00e1 a sus ciudadanos.<\/p>\n<p style=\"text-align: justify;\"><em><strong>ah\/rsh<\/strong><\/em><\/p>\n","protected":false},"excerpt":{"rendered":"<p>Mosc\u00fa, 07 mar (SANA)\u00a0 El secretario del consejo del gobernante Partido Rusia Unida, Andrei Turchak, ha propuesto nacionalizar la propiedad de las empresas extranjeras que han anunciado su retirada y el cese de sus proyectos en Rusia tras la operaci\u00f3n militar especial en Ucrania. &#8220;Las acciones de las empresas occidentales est\u00e1n politizadas y dejan sin &hellip;<\/p>\n","protected":false},"author":30,"featured_media":222171,"comment_status":"closed","ping_status":"closed","sticky":false,"template":"","format":"standard","meta":{"footnotes":""},"categories":[597,456,7541],"tags":[],"class_list":["post-222161","post","type-post","status-publish","format-standard","has-post-thumbnail","","category-cinta-de-noticias","category-arabe-internacional-politica","category-ultimas-noticias"],"_links":{"self":[{"href":"https:\/\/archive.sana.sy\/es\/index.php?rest_route=\/wp\/v2\/posts\/222161"}],"collection":[{"href":"https:\/\/archive.sana.sy\/es\/index.php?rest_route=\/wp\/v2\/posts"}],"about":[{"href":"https:\/\/archive.sana.sy\/es\/index.php?rest_route=\/wp\/v2\/types\/post"}],"author":[{"embeddable":true,"href":"https:\/\/archive.sana.sy\/es\/index.php?rest_route=\/wp\/v2\/users\/30"}],"replies":[{"embeddable":true,"href":"https:\/\/archive.sana.sy\/es\/index.php?rest_route=%2Fwp%2Fv2%2Fcomments&post=222161"}],"version-history":[{"count":0,"href":"https:\/\/archive.sana.sy\/es\/index.php?rest_route=\/wp\/v2\/posts\/222161\/revisions"}],"wp:featuredmedia":[{"embeddable":true,"href":"https:\/\/archive.sana.sy\/es\/index.php?rest_route=\/wp\/v2\/media\/222171"}],"wp:attachment":[{"href":"https:\/\/archive.sana.sy\/es\/index.php?rest_route=%2Fwp%2Fv2%2Fmedia&parent=222161"}],"wp:term":[{"taxonomy":"category","embeddable":true,"href":"https:\/\/archive.sana.sy\/es\/index.php?rest_route=%2Fwp%2Fv2%2Fcategories&post=222161"},{"taxonomy":"post_tag","embeddable":true,"href":"https:\/\/archive.sana.sy\/es\/index.php?rest_route=%2Fwp%2Fv2%2Ftags&post=222161"}],"curies":[{"name":"wp","href":"https:\/\/api.w.org\/{rel}","templated":true}]}}