{"id":222189,"date":"2022-03-07T20:53:25","date_gmt":"2022-03-07T18:53:25","guid":{"rendered":"http:\/\/107.6.182.27\/es\/?p=222189"},"modified":"2022-03-07T20:53:25","modified_gmt":"2022-03-07T18:53:25","slug":"la-feria-productoras-sirias-comienza-en-la-estacion-de-hijaz-con-ocasion-del-dia-internacional-de-la-mujer","status":"publish","type":"post","link":"https:\/\/archive.sana.sy\/es\/?p=222189","title":{"rendered":"La feria (Productoras sirias) comienza en la estaci\u00f3n de Hijaz con ocasi\u00f3n del D\u00eda Internacional de la Mujer"},"content":{"rendered":"<p style=\"text-align: justify;\"><span style=\"color: #800000;\"><strong>damasco, 07 mar (SANA)\u00a0\u00a0<\/strong><\/span>Con motivo del D\u00eda Internacional de la Mujer, la feria &#8220;Productoras sirias&#8221;, organizada por la Compa\u00f1\u00eda Siria de Artesan\u00eda, se inaugur\u00f3 en el Damasquino Sal\u00f3n de la estaci\u00f3n de Hijaz en Damasco.<\/p>\n<p style=\"text-align: justify;\">En el antiguo sal\u00f3n, m\u00e1s de 25 mujeres de diferentes gobernaciones exhiben sus diversos productos, entre ellos artesan\u00edas, productos alimentarios, textiles, perfumes y otros \u00fatiles producidos.<\/p>\n<p style=\"text-align: justify;\">La directora ejecutiva de la Empresa de Artesan\u00eda Siria, Alaa Arab, confirm\u00f3 que la exposici\u00f3n tiene como objetivo alentar a las mujeres propietarias de peque\u00f1os proyectos a continuar con su trabajo y consolidar su imagen en la sociedad como mujeres productoras, creativas e innovadoras a pesar de todos los desaf\u00edos.<\/p>\n<p style=\"text-align: justify;\">Arab dijo: El mercado destaca el trabajo de las mujeres sirias y las anima a comenzar con productos sencillos para contribuir a la econom\u00eda nacional, adem\u00e1s de revitalizar las artesan\u00edas tradicionales.<\/p>\n<p style=\"text-align: justify;\">El mercado, seg\u00fan Arab, incluye peque\u00f1os proyectos genuinos para mujeres de diferentes grupos de edad, y muchos de ellos tienen una amplia audiencia en las redes sociales, que las mujeres toman como un mercado adicional para vender y publicitar sus productos.<\/p>\n<p style=\"text-align: justify;\">Cabe destacar que muchas de las mujeres participantes establecieron sus peque\u00f1os proyectos con un capital muy peque\u00f1o y comenzaron con productos simples.<\/p>\n<p style=\"text-align: justify;\"><em><strong>rsh\/ah<\/strong><\/em><\/p>\n","protected":false},"excerpt":{"rendered":"<p>damasco, 07 mar (SANA)\u00a0\u00a0Con motivo del D\u00eda Internacional de la Mujer, la feria &#8220;Productoras sirias&#8221;, organizada por la Compa\u00f1\u00eda Siria de Artesan\u00eda, se inaugur\u00f3 en el Damasquino Sal\u00f3n de la estaci\u00f3n de Hijaz en Damasco. En el antiguo sal\u00f3n, m\u00e1s de 25 mujeres de diferentes gobernaciones exhiben sus diversos productos, entre ellos artesan\u00edas, productos alimentarios, &hellip;<\/p>\n","protected":false},"author":30,"featured_media":222191,"comment_status":"closed","ping_status":"closed","sticky":false,"template":"","format":"standard","meta":{"footnotes":""},"categories":[447,597,476,457,7541],"tags":[],"class_list":["post-222189","post","type-post","status-publish","format-standard","has-post-thumbnail","","category-local-politica","category-cinta-de-noticias","category-locales","category-noticias-arabe-internacional-politica","category-ultimas-noticias"],"_links":{"self":[{"href":"https:\/\/archive.sana.sy\/es\/index.php?rest_route=\/wp\/v2\/posts\/222189"}],"collection":[{"href":"https:\/\/archive.sana.sy\/es\/index.php?rest_route=\/wp\/v2\/posts"}],"about":[{"href":"https:\/\/archive.sana.sy\/es\/index.php?rest_route=\/wp\/v2\/types\/post"}],"author":[{"embeddable":true,"href":"https:\/\/archive.sana.sy\/es\/index.php?rest_route=\/wp\/v2\/users\/30"}],"replies":[{"embeddable":true,"href":"https:\/\/archive.sana.sy\/es\/index.php?rest_route=%2Fwp%2Fv2%2Fcomments&post=222189"}],"version-history":[{"count":0,"href":"https:\/\/archive.sana.sy\/es\/index.php?rest_route=\/wp\/v2\/posts\/222189\/revisions"}],"wp:featuredmedia":[{"embeddable":true,"href":"https:\/\/archive.sana.sy\/es\/index.php?rest_route=\/wp\/v2\/media\/222191"}],"wp:attachment":[{"href":"https:\/\/archive.sana.sy\/es\/index.php?rest_route=%2Fwp%2Fv2%2Fmedia&parent=222189"}],"wp:term":[{"taxonomy":"category","embeddable":true,"href":"https:\/\/archive.sana.sy\/es\/index.php?rest_route=%2Fwp%2Fv2%2Fcategories&post=222189"},{"taxonomy":"post_tag","embeddable":true,"href":"https:\/\/archive.sana.sy\/es\/index.php?rest_route=%2Fwp%2Fv2%2Ftags&post=222189"}],"curies":[{"name":"wp","href":"https:\/\/api.w.org\/{rel}","templated":true}]}}