{"id":222211,"date":"2022-03-07T21:51:27","date_gmt":"2022-03-07T19:51:27","guid":{"rendered":"http:\/\/107.6.182.27\/es\/?p=222211"},"modified":"2022-03-07T21:55:04","modified_gmt":"2022-03-07T19:55:04","slug":"un-nino-con-un-fusil-posa-frente-a-un-simbolo-nazi-en-un-video-propagandistico-ucraniano-foto","status":"publish","type":"post","link":"https:\/\/archive.sana.sy\/es\/?p=222211","title":{"rendered":"Un ni\u00f1o con un fusil posa frente a un s\u00edmbolo nazi en un video propagand\u00edstico ucraniano (foto)"},"content":{"rendered":"<p style=\"text-align: justify;\"><span style=\"color: #800000;\"><strong>Mosc\u00fa, 7 mar (SANA)<\/strong><\/span> Un video en el que un ni\u00f1o con un fusil en las manos pide que Europa env\u00ede m\u00e1s armas a su pa\u00eds circula en el segmento ucraniano de las redes sociales. Lo que atrae la atenci\u00f3n es que posa frente a la bandera del batall\u00f3n ultranacionalista Azov, prohibido en Rusia.<\/p>\n<p style=\"text-align: justify;\">En la bandera se puede ver el s\u00edmbolo her\u00e1ldico alem\u00e1n Wolfsangel, utilizado en su momento por el Partido Nazi alem\u00e1n y algunas divisiones de las Waffen SS.<img loading=\"lazy\" decoding=\"async\" class=\"size-medium wp-image-222213 alignright\" src=\"http:\/\/107.6.182.27\/es\/wp-content\/uploads\/2022\/03\/photo_2022-03-07_21-48-05-300x212.jpg\" alt=\"\" width=\"300\" height=\"212\" srcset=\"https:\/\/archive.sana.sy\/es\/wp-content\/uploads\/2022\/03\/photo_2022-03-07_21-48-05-300x212.jpg 300w, https:\/\/archive.sana.sy\/es\/wp-content\/uploads\/2022\/03\/photo_2022-03-07_21-48-05-150x106.jpg 150w, https:\/\/archive.sana.sy\/es\/wp-content\/uploads\/2022\/03\/photo_2022-03-07_21-48-05.jpg 690w\" sizes=\"(max-width: 300px) 100vw, 300px\" \/><\/p>\n<p style=\"text-align: justify;\">&#8220;Mi padre, Stepan Balda, es un defensor de Mari\u00fapol&#8221;, expresa el ni\u00f1o, de 8 a\u00f1os. A\u00f1ade que fue en 2014 cuando su padre se fue a la guerra. &#8220;Pido ayuda a todos los ucranianos y a todos los europeos. \u00a1Defiendan a Mari\u00fapol! \u00a1Defiendan a Ucrania!&#8221;, prosigue.<\/p>\n<p style=\"text-align: justify;\">&#8220;Su ayuda, su no indiferencia y su equipo militar contribuir\u00e1n a proteger a nuestros padres y a defender nuestra tierra&#8221;, declara el peque\u00f1o, quien pide que Europa &#8220;proporcione armas&#8221; y &#8220;cierre el cielo sobre Ucrania&#8221;.<\/p>\n<p style=\"text-align: justify;\">&#8220;Mari\u00fapol es Ucrania. Ucrania soy yo&#8221;, concluye.<\/p>\n<p style=\"text-align: justify;\">Los batallones ultranacionalistas, junto con el Ej\u00e9rcito de Ucrania, intentan frustrar la operaci\u00f3n especial militar rusa que tiene por objetivo desmilitarizar y desnazificar a Ucrania. El 6 de marzo, el l\u00edder de Donetsk, Den\u00eds Pushilin, inform\u00f3 de que los radicales ten\u00edan previsto lanzar una ofensiva en Donb\u00e1s y Crimea. Tambi\u00e9n hay evidencias de que usan a civiles como escudos humanos.<\/p>\n<p style=\"text-align: justify;\"><span style=\"color: #0000ff;\"><strong>Fuente: Sputnik<\/strong><\/span><\/p>\n","protected":false},"excerpt":{"rendered":"<p>Mosc\u00fa, 7 mar (SANA) Un video en el que un ni\u00f1o con un fusil en las manos pide que Europa env\u00ede m\u00e1s armas a su pa\u00eds circula en el segmento ucraniano de las redes sociales. Lo que atrae la atenci\u00f3n es que posa frente a la bandera del batall\u00f3n ultranacionalista Azov, prohibido en Rusia. En &hellip;<\/p>\n","protected":false},"author":30,"featured_media":222212,"comment_status":"closed","ping_status":"closed","sticky":false,"template":"","format":"standard","meta":{"footnotes":""},"categories":[16929,597,457,583],"tags":[],"class_list":["post-222211","post","type-post","status-publish","format-standard","has-post-thumbnail","","category-articulos-de-opinion","category-cinta-de-noticias","category-noticias-arabe-internacional-politica","category-slide"],"_links":{"self":[{"href":"https:\/\/archive.sana.sy\/es\/index.php?rest_route=\/wp\/v2\/posts\/222211"}],"collection":[{"href":"https:\/\/archive.sana.sy\/es\/index.php?rest_route=\/wp\/v2\/posts"}],"about":[{"href":"https:\/\/archive.sana.sy\/es\/index.php?rest_route=\/wp\/v2\/types\/post"}],"author":[{"embeddable":true,"href":"https:\/\/archive.sana.sy\/es\/index.php?rest_route=\/wp\/v2\/users\/30"}],"replies":[{"embeddable":true,"href":"https:\/\/archive.sana.sy\/es\/index.php?rest_route=%2Fwp%2Fv2%2Fcomments&post=222211"}],"version-history":[{"count":0,"href":"https:\/\/archive.sana.sy\/es\/index.php?rest_route=\/wp\/v2\/posts\/222211\/revisions"}],"wp:featuredmedia":[{"embeddable":true,"href":"https:\/\/archive.sana.sy\/es\/index.php?rest_route=\/wp\/v2\/media\/222212"}],"wp:attachment":[{"href":"https:\/\/archive.sana.sy\/es\/index.php?rest_route=%2Fwp%2Fv2%2Fmedia&parent=222211"}],"wp:term":[{"taxonomy":"category","embeddable":true,"href":"https:\/\/archive.sana.sy\/es\/index.php?rest_route=%2Fwp%2Fv2%2Fcategories&post=222211"},{"taxonomy":"post_tag","embeddable":true,"href":"https:\/\/archive.sana.sy\/es\/index.php?rest_route=%2Fwp%2Fv2%2Ftags&post=222211"}],"curies":[{"name":"wp","href":"https:\/\/api.w.org\/{rel}","templated":true}]}}