{"id":222219,"date":"2022-03-08T06:24:53","date_gmt":"2022-03-08T04:24:53","guid":{"rendered":"http:\/\/107.6.182.27\/es\/?p=222219"},"modified":"2023-01-10T14:19:46","modified_gmt":"2023-01-10T12:19:46","slug":"actualizacion-de-la-situacion-epidemiologica-sobre-la-covid-19-en-siria-17","status":"publish","type":"post","link":"https:\/\/archive.sana.sy\/es\/?p=222219","title":{"rendered":"Actualizaci\u00f3n de la situaci\u00f3n epidemiol\u00f3gica sobre la Covid-19 en Siria"},"content":{"rendered":"<p style=\"text-align: justify;\"><span style=\"color: #800000;\"><strong>Damasco, 8 mar (SANA)\u00a0 \u00a0<\/strong><\/span> Actualizaci\u00f3n de la situaci\u00f3n epidemiol\u00f3gica sobre la Covid-19 en Siria<\/p>\n<p style=\"text-align: justify;\">???? 59 nuevos casos positivos para un total nacional de 55,085.<\/p>\n<p style=\"text-align: justify;\">???? 4 nuevos decesos y el total nacional es 3,099.<\/p>\n<p style=\"text-align: justify;\">???? 180 recuperados para un total de 48,447 dados de alta m\u00e9dica.<\/p>\n<p style=\"text-align: justify;\">???? Casos activos 3,539<\/p>\n<p style=\"text-align: justify;\">???? Las provincias con mayor n\u00famero de infectados son Damasco (19), Latakia (10), Homs (9) y Tartous (8).<\/p>\n<p style=\"text-align: justify;\">\n<p style=\"text-align: justify;\">fm<\/p>\n","protected":false},"excerpt":{"rendered":"<p>Damasco, 8 mar (SANA)\u00a0 \u00a0 Actualizaci\u00f3n de la situaci\u00f3n epidemiol\u00f3gica sobre la Covid-19 en Siria ???? 59 nuevos casos positivos para un total nacional de 55,085. ???? 4 nuevos decesos y el total nacional es 3,099. ???? 180 recuperados para un total de 48,447 dados de alta m\u00e9dica. ???? Casos activos 3,539 ???? Las provincias &hellip;<\/p>\n","protected":false},"author":34,"featured_media":222220,"comment_status":"closed","ping_status":"closed","sticky":false,"template":"","format":"standard","meta":{"footnotes":""},"categories":[447,597,476,457,7541],"tags":[],"class_list":["post-222219","post","type-post","status-publish","format-standard","has-post-thumbnail","","category-local-politica","category-cinta-de-noticias","category-locales","category-noticias-arabe-internacional-politica","category-ultimas-noticias"],"_links":{"self":[{"href":"https:\/\/archive.sana.sy\/es\/index.php?rest_route=\/wp\/v2\/posts\/222219"}],"collection":[{"href":"https:\/\/archive.sana.sy\/es\/index.php?rest_route=\/wp\/v2\/posts"}],"about":[{"href":"https:\/\/archive.sana.sy\/es\/index.php?rest_route=\/wp\/v2\/types\/post"}],"author":[{"embeddable":true,"href":"https:\/\/archive.sana.sy\/es\/index.php?rest_route=\/wp\/v2\/users\/34"}],"replies":[{"embeddable":true,"href":"https:\/\/archive.sana.sy\/es\/index.php?rest_route=%2Fwp%2Fv2%2Fcomments&post=222219"}],"version-history":[{"count":0,"href":"https:\/\/archive.sana.sy\/es\/index.php?rest_route=\/wp\/v2\/posts\/222219\/revisions"}],"wp:featuredmedia":[{"embeddable":true,"href":"https:\/\/archive.sana.sy\/es\/index.php?rest_route=\/wp\/v2\/media\/222220"}],"wp:attachment":[{"href":"https:\/\/archive.sana.sy\/es\/index.php?rest_route=%2Fwp%2Fv2%2Fmedia&parent=222219"}],"wp:term":[{"taxonomy":"category","embeddable":true,"href":"https:\/\/archive.sana.sy\/es\/index.php?rest_route=%2Fwp%2Fv2%2Fcategories&post=222219"},{"taxonomy":"post_tag","embeddable":true,"href":"https:\/\/archive.sana.sy\/es\/index.php?rest_route=%2Fwp%2Fv2%2Ftags&post=222219"}],"curies":[{"name":"wp","href":"https:\/\/api.w.org\/{rel}","templated":true}]}}