{"id":222232,"date":"2022-03-08T09:14:24","date_gmt":"2022-03-08T07:14:24","guid":{"rendered":"http:\/\/107.6.182.27\/es\/?p=222232"},"modified":"2023-01-10T15:32:50","modified_gmt":"2023-01-10T13:32:50","slug":"titulares-de-la-agencia-sana-08-de-marzo-2022","status":"publish","type":"post","link":"https:\/\/archive.sana.sy\/es\/?p=222232","title":{"rendered":"Titulares de la agencia SANA, 08 de marzo 2022"},"content":{"rendered":"<p><strong><span style=\"color: #800000;\">Damasco, \u00a008 mar (SANA)<\/span><\/strong><\/p>\n<p>????P\u00e9rdidas materiales en casas y propiedades civiles a consecuencia de la agresi\u00f3n israel\u00ed.<\/p>\n<p>????Bajo los auspicios del presidente al-Assad, comienza la 13\u00aa conferencia de la Federaci\u00f3n General de Agricultores.<\/p>\n<p>????Canciller de Siria ratifica en una entrevista el apoyo a Rusia en su operaci\u00f3n militar en Ucrania .<\/p>\n<p>????Al-Mekdad ofrece condolencias por defunci\u00f3n del embajador de la RPDC en Siria.<\/p>\n<p>????Defensa rusa: los nazis ucranianos emplean las t\u00e1cticas de los terroristas.<\/p>\n<p>????Siria y Rusia abordan cooperaci\u00f3n en el \u00e1mbito cient\u00edfico y de investigaci\u00f3n.<\/p>\n<p>????Acuerdo para establecer relaciones diplom\u00e1ticas entre Siria y la Mancomunidad de Dominica.<\/p>\n<p>????Ministerio de Educaci\u00f3n homenajea a 25 talentosos estudiantes con discapacidades .<\/p>\n<p>????Kremlin: la operaci\u00f3n militar rusa se detendr\u00e1 s\u00f3lo si Kiev cumple con las condiciones de Rusia.<\/p>\n<p>????200 mujeres participan en el bazar ben\u00e9fico (La madre une).<\/p>\n","protected":false},"excerpt":{"rendered":"<p>Damasco, \u00a008 mar (SANA) ????P\u00e9rdidas materiales en casas y propiedades civiles a consecuencia de la agresi\u00f3n israel\u00ed. ????Bajo los auspicios del presidente al-Assad, comienza la 13\u00aa conferencia de la Federaci\u00f3n General de Agricultores. ????Canciller de Siria ratifica en una entrevista el apoyo a Rusia en su operaci\u00f3n militar en Ucrania . ????Al-Mekdad ofrece condolencias por &hellip;<\/p>\n","protected":false},"author":35,"featured_media":222233,"comment_status":"closed","ping_status":"closed","sticky":false,"template":"","format":"standard","meta":{"footnotes":""},"categories":[447,555,597,476,7541],"tags":[],"class_list":["post-222232","post","type-post","status-publish","format-standard","has-post-thumbnail","","category-local-politica","category-prensa","category-cinta-de-noticias","category-locales","category-ultimas-noticias"],"_links":{"self":[{"href":"https:\/\/archive.sana.sy\/es\/index.php?rest_route=\/wp\/v2\/posts\/222232"}],"collection":[{"href":"https:\/\/archive.sana.sy\/es\/index.php?rest_route=\/wp\/v2\/posts"}],"about":[{"href":"https:\/\/archive.sana.sy\/es\/index.php?rest_route=\/wp\/v2\/types\/post"}],"author":[{"embeddable":true,"href":"https:\/\/archive.sana.sy\/es\/index.php?rest_route=\/wp\/v2\/users\/35"}],"replies":[{"embeddable":true,"href":"https:\/\/archive.sana.sy\/es\/index.php?rest_route=%2Fwp%2Fv2%2Fcomments&post=222232"}],"version-history":[{"count":0,"href":"https:\/\/archive.sana.sy\/es\/index.php?rest_route=\/wp\/v2\/posts\/222232\/revisions"}],"wp:featuredmedia":[{"embeddable":true,"href":"https:\/\/archive.sana.sy\/es\/index.php?rest_route=\/wp\/v2\/media\/222233"}],"wp:attachment":[{"href":"https:\/\/archive.sana.sy\/es\/index.php?rest_route=%2Fwp%2Fv2%2Fmedia&parent=222232"}],"wp:term":[{"taxonomy":"category","embeddable":true,"href":"https:\/\/archive.sana.sy\/es\/index.php?rest_route=%2Fwp%2Fv2%2Fcategories&post=222232"},{"taxonomy":"post_tag","embeddable":true,"href":"https:\/\/archive.sana.sy\/es\/index.php?rest_route=%2Fwp%2Fv2%2Ftags&post=222232"}],"curies":[{"name":"wp","href":"https:\/\/api.w.org\/{rel}","templated":true}]}}