{"id":222240,"date":"2022-03-08T10:57:46","date_gmt":"2022-03-08T08:57:46","guid":{"rendered":"http:\/\/107.6.182.27\/es\/?p=222240"},"modified":"2023-01-10T16:38:02","modified_gmt":"2023-01-10T14:38:02","slug":"ejercito-ucraniano-sufre-grandes-perdidas-en-lugansk","status":"publish","type":"post","link":"https:\/\/archive.sana.sy\/es\/?p=222240","title":{"rendered":"Ej\u00e9rcito ucraniano sufre grandes p\u00e9rdidas en Lugansk"},"content":{"rendered":"<p style=\"text-align: justify;\"><strong><span style=\"color: #800000;\">Lugansk, 08 mar (SANA)<\/span><\/strong>\u00a0 El portavoz de las fuerzas de la Rep\u00fablica Popular de Lugansk, Ivan Filipponenko, declar\u00f3 que el ej\u00e9rcito ucraniano sufri\u00f3 significativas p\u00e9rdidas en tropas y equipos militares durante los \u00faltimos cuatro d\u00edas.<\/p>\n<p style=\"text-align: justify;\">Nuestras fuerzas destruyeron 16 tanques, 15 veh\u00edculos militares, 35 veh\u00edculos blindados de combate y 11 aviones no tripulados del ej\u00e9rcito ucraniano, afirm\u00f3 Filipponenko.<\/p>\n<p style=\"text-align: justify;\">Agreg\u00f3 que los soldados de Lugansk lograron tambi\u00e9n atacar y destruir 47 campos de tiro, 30 de los cuales estaban equipados con sistemas de misiles antitanque, ametralladoras pesadas y lanzagranadas de diferentes sistemas.<\/p>\n<p style=\"text-align: justify;\"><em>ws\/fm<\/em><\/p>\n","protected":false},"excerpt":{"rendered":"<p>Lugansk, 08 mar (SANA)\u00a0 El portavoz de las fuerzas de la Rep\u00fablica Popular de Lugansk, Ivan Filipponenko, declar\u00f3 que el ej\u00e9rcito ucraniano sufri\u00f3 significativas p\u00e9rdidas en tropas y equipos militares durante los \u00faltimos cuatro d\u00edas. Nuestras fuerzas destruyeron 16 tanques, 15 veh\u00edculos militares, 35 veh\u00edculos blindados de combate y 11 aviones no tripulados del ej\u00e9rcito &hellip;<\/p>\n","protected":false},"author":35,"featured_media":222241,"comment_status":"closed","ping_status":"closed","sticky":false,"template":"","format":"standard","meta":{"footnotes":""},"categories":[597,456,457,7541],"tags":[],"class_list":["post-222240","post","type-post","status-publish","format-standard","has-post-thumbnail","","category-cinta-de-noticias","category-arabe-internacional-politica","category-noticias-arabe-internacional-politica","category-ultimas-noticias"],"_links":{"self":[{"href":"https:\/\/archive.sana.sy\/es\/index.php?rest_route=\/wp\/v2\/posts\/222240"}],"collection":[{"href":"https:\/\/archive.sana.sy\/es\/index.php?rest_route=\/wp\/v2\/posts"}],"about":[{"href":"https:\/\/archive.sana.sy\/es\/index.php?rest_route=\/wp\/v2\/types\/post"}],"author":[{"embeddable":true,"href":"https:\/\/archive.sana.sy\/es\/index.php?rest_route=\/wp\/v2\/users\/35"}],"replies":[{"embeddable":true,"href":"https:\/\/archive.sana.sy\/es\/index.php?rest_route=%2Fwp%2Fv2%2Fcomments&post=222240"}],"version-history":[{"count":0,"href":"https:\/\/archive.sana.sy\/es\/index.php?rest_route=\/wp\/v2\/posts\/222240\/revisions"}],"wp:featuredmedia":[{"embeddable":true,"href":"https:\/\/archive.sana.sy\/es\/index.php?rest_route=\/wp\/v2\/media\/222241"}],"wp:attachment":[{"href":"https:\/\/archive.sana.sy\/es\/index.php?rest_route=%2Fwp%2Fv2%2Fmedia&parent=222240"}],"wp:term":[{"taxonomy":"category","embeddable":true,"href":"https:\/\/archive.sana.sy\/es\/index.php?rest_route=%2Fwp%2Fv2%2Fcategories&post=222240"},{"taxonomy":"post_tag","embeddable":true,"href":"https:\/\/archive.sana.sy\/es\/index.php?rest_route=%2Fwp%2Fv2%2Ftags&post=222240"}],"curies":[{"name":"wp","href":"https:\/\/api.w.org\/{rel}","templated":true}]}}