{"id":222256,"date":"2022-03-08T12:07:42","date_gmt":"2022-03-08T10:07:42","guid":{"rendered":"http:\/\/107.6.182.27\/es\/?p=222256"},"modified":"2023-01-10T16:38:02","modified_gmt":"2023-01-10T14:38:02","slug":"maduro-advierte-sobre-impacto-de-las-sanciones-contra-rusia-en-europa-y-el-mundo","status":"publish","type":"post","link":"https:\/\/archive.sana.sy\/es\/?p=222256","title":{"rendered":"Maduro advierte sobre impacto de las sanciones contra Rusia en Europa y el mundo"},"content":{"rendered":"<p style=\"text-align: justify;\"><strong><span style=\"color: #800000;\">Caracas, 08 mar (SANA)<\/span><\/strong>\u00a0 El presidente de Venezuela, Nicol\u00e1s Maduro, advirti\u00f3 de las consecuencias adversas de las sanciones y la campa\u00f1a de odio en los medios contra Rusia ya que otras regiones de Europa y el mundo pueden correr la misma suerte que Ucrania.<\/p>\n<p style=\"text-align: justify;\">\u00a8Estamos profundamente preocupados por la posibilidad de estallar una guerra y enfrentamientos armados en Europa y otras regiones del mundo despu\u00e9s de imponer estas medidas destinadas a agravar la situaci\u00f3n actual y extender el escenario militar fuera de Ucrania\u00a8 dijo Maduro en un discurso radial.<\/p>\n<p style=\"text-align: justify;\">Agreg\u00f3 que este conflicto tendr\u00e1 consecuencias globales y un impacto devastador en los precios del petr\u00f3leo, la gasolina y el gas, el costo de los alimentos, los fertilizantes y el transporte.<\/p>\n<p style=\"text-align: justify;\">El mandatario venezolano expres\u00f3 durante una conversaci\u00f3n telef\u00f3nica con el presidente ruso, Vladimir Putin el total apoyo de su pa\u00eds a las decisivas medidas tomadas por Rusia en Ucrania.<\/p>\n<p style=\"text-align: justify;\"><em>ws\/fm<\/em><\/p>\n","protected":false},"excerpt":{"rendered":"<p>Caracas, 08 mar (SANA)\u00a0 El presidente de Venezuela, Nicol\u00e1s Maduro, advirti\u00f3 de las consecuencias adversas de las sanciones y la campa\u00f1a de odio en los medios contra Rusia ya que otras regiones de Europa y el mundo pueden correr la misma suerte que Ucrania. \u00a8Estamos profundamente preocupados por la posibilidad de estallar una guerra y &hellip;<\/p>\n","protected":false},"author":35,"featured_media":222257,"comment_status":"closed","ping_status":"closed","sticky":false,"template":"","format":"standard","meta":{"footnotes":""},"categories":[597,456,7541],"tags":[],"class_list":["post-222256","post","type-post","status-publish","format-standard","has-post-thumbnail","","category-cinta-de-noticias","category-arabe-internacional-politica","category-ultimas-noticias"],"_links":{"self":[{"href":"https:\/\/archive.sana.sy\/es\/index.php?rest_route=\/wp\/v2\/posts\/222256"}],"collection":[{"href":"https:\/\/archive.sana.sy\/es\/index.php?rest_route=\/wp\/v2\/posts"}],"about":[{"href":"https:\/\/archive.sana.sy\/es\/index.php?rest_route=\/wp\/v2\/types\/post"}],"author":[{"embeddable":true,"href":"https:\/\/archive.sana.sy\/es\/index.php?rest_route=\/wp\/v2\/users\/35"}],"replies":[{"embeddable":true,"href":"https:\/\/archive.sana.sy\/es\/index.php?rest_route=%2Fwp%2Fv2%2Fcomments&post=222256"}],"version-history":[{"count":0,"href":"https:\/\/archive.sana.sy\/es\/index.php?rest_route=\/wp\/v2\/posts\/222256\/revisions"}],"wp:featuredmedia":[{"embeddable":true,"href":"https:\/\/archive.sana.sy\/es\/index.php?rest_route=\/wp\/v2\/media\/222257"}],"wp:attachment":[{"href":"https:\/\/archive.sana.sy\/es\/index.php?rest_route=%2Fwp%2Fv2%2Fmedia&parent=222256"}],"wp:term":[{"taxonomy":"category","embeddable":true,"href":"https:\/\/archive.sana.sy\/es\/index.php?rest_route=%2Fwp%2Fv2%2Fcategories&post=222256"},{"taxonomy":"post_tag","embeddable":true,"href":"https:\/\/archive.sana.sy\/es\/index.php?rest_route=%2Fwp%2Fv2%2Ftags&post=222256"}],"curies":[{"name":"wp","href":"https:\/\/api.w.org\/{rel}","templated":true}]}}