{"id":222259,"date":"2022-03-08T13:49:45","date_gmt":"2022-03-08T11:49:45","guid":{"rendered":"http:\/\/107.6.182.27\/es\/?p=222259"},"modified":"2023-01-10T16:38:01","modified_gmt":"2023-01-10T14:38:01","slug":"450-terroristas-de-al-nousra-en-siria-llegan-a-ucrania","status":"publish","type":"post","link":"https:\/\/archive.sana.sy\/es\/?p=222259","title":{"rendered":"450 terroristas de al-Nousra en Siria llegan a Ucrania"},"content":{"rendered":"<p style=\"text-align: justify;\"><strong><span style=\"color: #800000;\">Mosc\u00fa, 08 mar (SANA)<\/span><\/strong>\u00a0 Fuentes informaron a la agencia rusa Sputnik que cientos de integrantes de la organizaci\u00f3n terrorista Frente al-Nousra han sido reclutados bajo supervisi\u00f3n de Ankara para luchar con fuerzas ucranianos.<\/p>\n<p style=\"text-align: justify;\">Seg\u00fan las fuentes, \u201calrededor de 450 terroristas de nacionalidades \u00e1rabes y extranjeras llegaron a Ucrania procedentes de la provincia siria de Idlib y del norte de la provincia de Alepo, llegaron a Ucrania tres d\u00edas despu\u00e9s de haber abandonado el territorio sirio\u201d.<\/p>\n<p style=\"text-align: justify;\">Estos mercenarios fueron reclutados para luchar junto al ej\u00e9rcito ucraniano a cambio de sueldos, se\u00f1alaron.<\/p>\n<p style=\"text-align: justify;\">Seg\u00fan anunci\u00f3 el Kremlin, la base estadounidense de Al-Tanef en el este de Siria, prepar\u00f3 y entren\u00f3 a extremistas afiliados al grupo terrorista \u201cEstado Isl\u00e1mico\u201d para apoyar a las fuerzas ucranias en sus ataques y agresiones contra la regi\u00f3n de Donb\u00e1s.<\/p>\n<p style=\"text-align: justify;\"><em>ws\/fm<\/em><\/p>\n","protected":false},"excerpt":{"rendered":"<p>Mosc\u00fa, 08 mar (SANA)\u00a0 Fuentes informaron a la agencia rusa Sputnik que cientos de integrantes de la organizaci\u00f3n terrorista Frente al-Nousra han sido reclutados bajo supervisi\u00f3n de Ankara para luchar con fuerzas ucranianos. Seg\u00fan las fuentes, \u201calrededor de 450 terroristas de nacionalidades \u00e1rabes y extranjeras llegaron a Ucrania procedentes de la provincia siria de Idlib &hellip;<\/p>\n","protected":false},"author":35,"featured_media":222260,"comment_status":"closed","ping_status":"closed","sticky":false,"template":"","format":"standard","meta":{"footnotes":""},"categories":[597,456,457,583],"tags":[],"class_list":["post-222259","post","type-post","status-publish","format-standard","has-post-thumbnail","","category-cinta-de-noticias","category-arabe-internacional-politica","category-noticias-arabe-internacional-politica","category-slide"],"_links":{"self":[{"href":"https:\/\/archive.sana.sy\/es\/index.php?rest_route=\/wp\/v2\/posts\/222259"}],"collection":[{"href":"https:\/\/archive.sana.sy\/es\/index.php?rest_route=\/wp\/v2\/posts"}],"about":[{"href":"https:\/\/archive.sana.sy\/es\/index.php?rest_route=\/wp\/v2\/types\/post"}],"author":[{"embeddable":true,"href":"https:\/\/archive.sana.sy\/es\/index.php?rest_route=\/wp\/v2\/users\/35"}],"replies":[{"embeddable":true,"href":"https:\/\/archive.sana.sy\/es\/index.php?rest_route=%2Fwp%2Fv2%2Fcomments&post=222259"}],"version-history":[{"count":0,"href":"https:\/\/archive.sana.sy\/es\/index.php?rest_route=\/wp\/v2\/posts\/222259\/revisions"}],"wp:featuredmedia":[{"embeddable":true,"href":"https:\/\/archive.sana.sy\/es\/index.php?rest_route=\/wp\/v2\/media\/222260"}],"wp:attachment":[{"href":"https:\/\/archive.sana.sy\/es\/index.php?rest_route=%2Fwp%2Fv2%2Fmedia&parent=222259"}],"wp:term":[{"taxonomy":"category","embeddable":true,"href":"https:\/\/archive.sana.sy\/es\/index.php?rest_route=%2Fwp%2Fv2%2Fcategories&post=222259"},{"taxonomy":"post_tag","embeddable":true,"href":"https:\/\/archive.sana.sy\/es\/index.php?rest_route=%2Fwp%2Fv2%2Ftags&post=222259"}],"curies":[{"name":"wp","href":"https:\/\/api.w.org\/{rel}","templated":true}]}}