{"id":222313,"date":"2022-03-08T17:38:11","date_gmt":"2022-03-08T15:38:11","guid":{"rendered":"http:\/\/107.6.182.27\/es\/?p=222313"},"modified":"2023-01-10T14:19:44","modified_gmt":"2023-01-10T12:19:44","slug":"222313","status":"publish","type":"post","link":"https:\/\/archive.sana.sy\/es\/?p=222313","title":{"rendered":"Al-Mekdad recibe credenciales de la Encargada de Negocios no residente de Suiza ante Damasco"},"content":{"rendered":"<p style=\"text-align: justify\"><span style=\"color: #800000\"><strong>Damasco, 08 mar (SANA)<\/strong> <\/span>El ministro de Relaciones Exteriores y Expatriados, Faisal al-Mekdad, recibi\u00f3 hoy las cartas credenciales de la encargada de negocios no residente de Suiza en Siria, Marion Weichelt.<\/p>\n<p style=\"text-align: justify\">El Canciller sirio dio la bienvenida a Weichelt, dese\u00e1ndola todo \u00e9xito en el desempe\u00f1o de sus futuras funciones de fortalecer las destacadas relaciones entre los dos pa\u00edses.<\/p>\n<p style=\"text-align: justify\">Durante la reuni\u00f3n, al-Mekdad agradeci\u00f3 en nombre de Siria a Suiza por acoger varias conversaciones internacionales y por sus esfuerzos en brindar ayuda humanitaria al pueblo sirio.<\/p>\n<p style=\"text-align: justify\">Por su parte, la Encargada de Negocios destac\u00f3 la importancia de la cooperaci\u00f3n entre Suiza y Siria, y se\u00f1al\u00f3 que su pa\u00eds siempre se ha mantenido firme en su hist\u00f3rica posici\u00f3n neutral y en hacer todo lo posible para ofrecer la asistencia humanitaria necesaria al pueblo sirio durante su crisis.<\/p>\n<p style=\"text-align: justify\">la<\/p>\n","protected":false},"excerpt":{"rendered":"<p>Damasco, 08 mar (SANA) El ministro de Relaciones Exteriores y Expatriados, Faisal al-Mekdad, recibi\u00f3 hoy las cartas credenciales de la encargada de negocios no residente de Suiza en Siria, Marion Weichelt. El Canciller sirio dio la bienvenida a Weichelt, dese\u00e1ndola todo \u00e9xito en el desempe\u00f1o de sus futuras funciones de fortalecer las destacadas relaciones entre &hellip;<\/p>\n","protected":false},"author":24,"featured_media":222314,"comment_status":"closed","ping_status":"closed","sticky":false,"template":"","format":"standard","meta":{"footnotes":""},"categories":[447,476,7541],"tags":[],"class_list":["post-222313","post","type-post","status-publish","format-standard","has-post-thumbnail","","category-local-politica","category-locales","category-ultimas-noticias"],"_links":{"self":[{"href":"https:\/\/archive.sana.sy\/es\/index.php?rest_route=\/wp\/v2\/posts\/222313"}],"collection":[{"href":"https:\/\/archive.sana.sy\/es\/index.php?rest_route=\/wp\/v2\/posts"}],"about":[{"href":"https:\/\/archive.sana.sy\/es\/index.php?rest_route=\/wp\/v2\/types\/post"}],"author":[{"embeddable":true,"href":"https:\/\/archive.sana.sy\/es\/index.php?rest_route=\/wp\/v2\/users\/24"}],"replies":[{"embeddable":true,"href":"https:\/\/archive.sana.sy\/es\/index.php?rest_route=%2Fwp%2Fv2%2Fcomments&post=222313"}],"version-history":[{"count":0,"href":"https:\/\/archive.sana.sy\/es\/index.php?rest_route=\/wp\/v2\/posts\/222313\/revisions"}],"wp:featuredmedia":[{"embeddable":true,"href":"https:\/\/archive.sana.sy\/es\/index.php?rest_route=\/wp\/v2\/media\/222314"}],"wp:attachment":[{"href":"https:\/\/archive.sana.sy\/es\/index.php?rest_route=%2Fwp%2Fv2%2Fmedia&parent=222313"}],"wp:term":[{"taxonomy":"category","embeddable":true,"href":"https:\/\/archive.sana.sy\/es\/index.php?rest_route=%2Fwp%2Fv2%2Fcategories&post=222313"},{"taxonomy":"post_tag","embeddable":true,"href":"https:\/\/archive.sana.sy\/es\/index.php?rest_route=%2Fwp%2Fv2%2Ftags&post=222313"}],"curies":[{"name":"wp","href":"https:\/\/api.w.org\/{rel}","templated":true}]}}