{"id":222348,"date":"2022-03-08T20:53:43","date_gmt":"2022-03-08T18:53:43","guid":{"rendered":"http:\/\/107.6.182.27\/es\/?p=222348"},"modified":"2023-01-10T16:38:00","modified_gmt":"2023-01-10T14:38:00","slug":"ultranacionalistas-ucranianos-usan-a-45-millones-de-civiles-como-escudo-humano","status":"publish","type":"post","link":"https:\/\/archive.sana.sy\/es\/?p=222348","title":{"rendered":"Ultranacionalistas ucranianos usan a 4,5 millones de civiles como escudo humano"},"content":{"rendered":"<p style=\"text-align: justify;\"><span style=\"color: #800000;\"><strong>Mosc\u00fa, 8 mar (SANA)<\/strong><\/span> Los batallones de los ultracionalistas en Ucrania siguen reteniendo como escudo humano a m\u00e1s de 4,5 millones de civiles, as\u00ed como alrededor de 2.000 ciudadanos extranjeros que ya expresaron su voluntad de ser evacuados a lugares seguros, inform\u00f3 el Ministerio de Defensa ruso citada por la agencia Sputnik.<\/p>\n<p style=\"text-align: justify;\">Denunci\u00f3 que las autoridades de Kiev siguen rechazando de manera rotunda las principales rutas de evacuaci\u00f3n desde las ciudades de Kiev, Chern\u00edgov, Sumi, J\u00e1rkov y Mari\u00fapol a Rusia, declar\u00f3 el departamento militar.<\/p>\n<p style=\"text-align: justify;\"><em>la\/fm<\/em><\/p>\n","protected":false},"excerpt":{"rendered":"<p>Mosc\u00fa, 8 mar (SANA) Los batallones de los ultracionalistas en Ucrania siguen reteniendo como escudo humano a m\u00e1s de 4,5 millones de civiles, as\u00ed como alrededor de 2.000 ciudadanos extranjeros que ya expresaron su voluntad de ser evacuados a lugares seguros, inform\u00f3 el Ministerio de Defensa ruso citada por la agencia Sputnik. Denunci\u00f3 que las &hellip;<\/p>\n","protected":false},"author":36,"featured_media":222349,"comment_status":"closed","ping_status":"closed","sticky":false,"template":"","format":"standard","meta":{"footnotes":""},"categories":[597,456,457],"tags":[],"class_list":["post-222348","post","type-post","status-publish","format-standard","has-post-thumbnail","","category-cinta-de-noticias","category-arabe-internacional-politica","category-noticias-arabe-internacional-politica"],"_links":{"self":[{"href":"https:\/\/archive.sana.sy\/es\/index.php?rest_route=\/wp\/v2\/posts\/222348"}],"collection":[{"href":"https:\/\/archive.sana.sy\/es\/index.php?rest_route=\/wp\/v2\/posts"}],"about":[{"href":"https:\/\/archive.sana.sy\/es\/index.php?rest_route=\/wp\/v2\/types\/post"}],"author":[{"embeddable":true,"href":"https:\/\/archive.sana.sy\/es\/index.php?rest_route=\/wp\/v2\/users\/36"}],"replies":[{"embeddable":true,"href":"https:\/\/archive.sana.sy\/es\/index.php?rest_route=%2Fwp%2Fv2%2Fcomments&post=222348"}],"version-history":[{"count":0,"href":"https:\/\/archive.sana.sy\/es\/index.php?rest_route=\/wp\/v2\/posts\/222348\/revisions"}],"wp:featuredmedia":[{"embeddable":true,"href":"https:\/\/archive.sana.sy\/es\/index.php?rest_route=\/wp\/v2\/media\/222349"}],"wp:attachment":[{"href":"https:\/\/archive.sana.sy\/es\/index.php?rest_route=%2Fwp%2Fv2%2Fmedia&parent=222348"}],"wp:term":[{"taxonomy":"category","embeddable":true,"href":"https:\/\/archive.sana.sy\/es\/index.php?rest_route=%2Fwp%2Fv2%2Fcategories&post=222348"},{"taxonomy":"post_tag","embeddable":true,"href":"https:\/\/archive.sana.sy\/es\/index.php?rest_route=%2Fwp%2Fv2%2Ftags&post=222348"}],"curies":[{"name":"wp","href":"https:\/\/api.w.org\/{rel}","templated":true}]}}