{"id":222354,"date":"2022-03-08T21:25:59","date_gmt":"2022-03-08T19:25:59","guid":{"rendered":"http:\/\/107.6.182.27\/es\/?p=222354"},"modified":"2023-01-10T16:38:00","modified_gmt":"2023-01-10T14:38:00","slug":"por-que-alemania-no-puede-dejar-de-importar-petroleo-ruso","status":"publish","type":"post","link":"https:\/\/archive.sana.sy\/es\/?p=222354","title":{"rendered":"\u00bfPor qu\u00e9 Alemania no puede dejar de importar petr\u00f3leo ruso?"},"content":{"rendered":"<p style=\"text-align: justify;\"><span style=\"color: #800000;\"><strong>Mosc\u00fa, 8 mar (SANA)<\/strong><\/span> La ministra de Asuntos Exteriores alemana, Annalena Baerbock, declar\u00f3 que actualmente es imposible que Alemania siga el ejemplo de EE.UU. y Canad\u00e1 que est\u00e1n dejando de importar petr\u00f3leo de Rusia.<\/p>\n<p style=\"text-align: justify;\">&#8220;No producimos mucho petr\u00f3leo. Un tercio de nuestras importaciones de petr\u00f3leo procede de Rusia. Si las detenemos ahora, dentro de unos d\u00edas no podremos transportarnos&#8221;, dijo la ministra citada por RT.<\/p>\n<p style=\"text-align: justify;\">La ministra asegur\u00f3 que &#8220;detendr\u00eda inmediatamente las importaciones si supiera que eso detendr\u00eda esta guerra&#8221;, pero si al cabo de unas semanas la gente ya no acud\u00eda a trabajar cuando fallaba la electricidad, &#8220;entonces Putin habr\u00eda ganado&#8221;.<\/p>\n<p><em>fm\/mm<\/em><\/p>\n","protected":false},"excerpt":{"rendered":"<p>Mosc\u00fa, 8 mar (SANA) La ministra de Asuntos Exteriores alemana, Annalena Baerbock, declar\u00f3 que actualmente es imposible que Alemania siga el ejemplo de EE.UU. y Canad\u00e1 que est\u00e1n dejando de importar petr\u00f3leo de Rusia. &#8220;No producimos mucho petr\u00f3leo. Un tercio de nuestras importaciones de petr\u00f3leo procede de Rusia. Si las detenemos ahora, dentro de unos &hellip;<\/p>\n","protected":false},"author":36,"featured_media":222355,"comment_status":"closed","ping_status":"closed","sticky":false,"template":"","format":"standard","meta":{"footnotes":""},"categories":[597,456,457,7541],"tags":[],"class_list":["post-222354","post","type-post","status-publish","format-standard","has-post-thumbnail","","category-cinta-de-noticias","category-arabe-internacional-politica","category-noticias-arabe-internacional-politica","category-ultimas-noticias"],"_links":{"self":[{"href":"https:\/\/archive.sana.sy\/es\/index.php?rest_route=\/wp\/v2\/posts\/222354"}],"collection":[{"href":"https:\/\/archive.sana.sy\/es\/index.php?rest_route=\/wp\/v2\/posts"}],"about":[{"href":"https:\/\/archive.sana.sy\/es\/index.php?rest_route=\/wp\/v2\/types\/post"}],"author":[{"embeddable":true,"href":"https:\/\/archive.sana.sy\/es\/index.php?rest_route=\/wp\/v2\/users\/36"}],"replies":[{"embeddable":true,"href":"https:\/\/archive.sana.sy\/es\/index.php?rest_route=%2Fwp%2Fv2%2Fcomments&post=222354"}],"version-history":[{"count":0,"href":"https:\/\/archive.sana.sy\/es\/index.php?rest_route=\/wp\/v2\/posts\/222354\/revisions"}],"wp:featuredmedia":[{"embeddable":true,"href":"https:\/\/archive.sana.sy\/es\/index.php?rest_route=\/wp\/v2\/media\/222355"}],"wp:attachment":[{"href":"https:\/\/archive.sana.sy\/es\/index.php?rest_route=%2Fwp%2Fv2%2Fmedia&parent=222354"}],"wp:term":[{"taxonomy":"category","embeddable":true,"href":"https:\/\/archive.sana.sy\/es\/index.php?rest_route=%2Fwp%2Fv2%2Fcategories&post=222354"},{"taxonomy":"post_tag","embeddable":true,"href":"https:\/\/archive.sana.sy\/es\/index.php?rest_route=%2Fwp%2Fv2%2Ftags&post=222354"}],"curies":[{"name":"wp","href":"https:\/\/api.w.org\/{rel}","templated":true}]}}