{"id":22238,"date":"2015-04-29T22:29:22","date_gmt":"2015-04-29T19:29:22","guid":{"rendered":"http:\/\/www.sana.sy\/es\/?p=22238"},"modified":"2015-04-29T22:29:22","modified_gmt":"2015-04-29T19:29:22","slug":"la-comunidad-siria-en-chequia-turquia-y-occidente-siguen-su-politica-para-socavar-a-siria","status":"publish","type":"post","link":"https:\/\/archive.sana.sy\/es\/?p=22238","title":{"rendered":"La comunidad siria en Chequia: Turqu\u00eda y Occidente, siguen su pol\u00edtica para socavar a Siria"},"content":{"rendered":"<p style=\"text-align: justify\"><span style=\"color: #0000ff\">Praga-SANA<\/span><\/p>\n<p>Los miembros de la comunidad siria en la Rep\u00fablica Checa condenan los actos &#8220;sucios&#8221; llevados a cabo por, Turqu\u00eda,\u00a0\u00a0 la cual\u00a0 sigue\u00a0 apoyando\u00a0 militarmente\u00a0 a las organizaciones terroristas que luchan contra el Ej\u00e9rcito \u00e1rabe\u00a0 sirio.<\/p>\n<p>En un comunicado emitido el mi\u00e9rcoles,\u00a0 la comunidad siria ha condenado la \u00faltima masacre terrorista cometida contra los civiles\u00a0\u00a0 en Idleb y Jisr al-Shughour.<\/p>\n<p>Estas atrocidades, seg\u00fan el comunicado, se llevan a cabo ante los ojos de la comunidad internacional y constituyen una violaci\u00f3n no s\u00f3lo de la soberan\u00eda de Siria, sino tambi\u00e9n, de los principios del derecho internacional y las resoluciones del Consejo de Seguridad relativas a la lucha antiterrorista.<\/p>\n<p>En paralelo, los expatriados sirios condenaron tambi\u00e9n\u00a0 el silencio ensordecedor de Occidente, lo que manifiesta un desprecio de esas resoluciones internacionales, y presenta\u00a0 nuevas evidencias sobre la coordinaci\u00f3n completa, turco-occidental, con el fin de socavar el Estado sirio.<\/p>\n<p><span style=\"color: #800000\">M.Miri, Riad.Sh<\/span><\/p>\n","protected":false},"excerpt":{"rendered":"<p>Praga-SANA Los miembros de la comunidad siria en la Rep\u00fablica Checa condenan los actos &#8220;sucios&#8221; llevados a cabo por, Turqu\u00eda,\u00a0\u00a0 la cual\u00a0 sigue\u00a0 apoyando\u00a0 militarmente\u00a0 a las organizaciones terroristas que luchan contra el Ej\u00e9rcito \u00e1rabe\u00a0 sirio. En un comunicado emitido el mi\u00e9rcoles,\u00a0 la comunidad siria ha condenado la \u00faltima masacre terrorista cometida contra los civiles\u00a0\u00a0 &hellip;<\/p>\n","protected":false},"author":1,"featured_media":22239,"comment_status":"closed","ping_status":"closed","sticky":false,"template":"","format":"standard","meta":{"footnotes":""},"categories":[1],"tags":[5058,5059],"class_list":["post-22238","post","type-post","status-publish","format-standard","has-post-thumbnail","","category-news-not-sorted","tag-la-comunidad-siria-en-chequia-turquia-y-occidente","tag-siguen-su-politica-para-socavar-a-siria"],"_links":{"self":[{"href":"https:\/\/archive.sana.sy\/es\/index.php?rest_route=\/wp\/v2\/posts\/22238"}],"collection":[{"href":"https:\/\/archive.sana.sy\/es\/index.php?rest_route=\/wp\/v2\/posts"}],"about":[{"href":"https:\/\/archive.sana.sy\/es\/index.php?rest_route=\/wp\/v2\/types\/post"}],"author":[{"embeddable":true,"href":"https:\/\/archive.sana.sy\/es\/index.php?rest_route=\/wp\/v2\/users\/1"}],"replies":[{"embeddable":true,"href":"https:\/\/archive.sana.sy\/es\/index.php?rest_route=%2Fwp%2Fv2%2Fcomments&post=22238"}],"version-history":[{"count":0,"href":"https:\/\/archive.sana.sy\/es\/index.php?rest_route=\/wp\/v2\/posts\/22238\/revisions"}],"wp:featuredmedia":[{"embeddable":true,"href":"https:\/\/archive.sana.sy\/es\/index.php?rest_route=\/wp\/v2\/media\/22239"}],"wp:attachment":[{"href":"https:\/\/archive.sana.sy\/es\/index.php?rest_route=%2Fwp%2Fv2%2Fmedia&parent=22238"}],"wp:term":[{"taxonomy":"category","embeddable":true,"href":"https:\/\/archive.sana.sy\/es\/index.php?rest_route=%2Fwp%2Fv2%2Fcategories&post=22238"},{"taxonomy":"post_tag","embeddable":true,"href":"https:\/\/archive.sana.sy\/es\/index.php?rest_route=%2Fwp%2Fv2%2Ftags&post=22238"}],"curies":[{"name":"wp","href":"https:\/\/api.w.org\/{rel}","templated":true}]}}