{"id":222400,"date":"2022-03-09T07:59:22","date_gmt":"2022-03-09T05:59:22","guid":{"rendered":"http:\/\/107.6.182.27\/es\/?p=222400"},"modified":"2023-01-10T15:32:50","modified_gmt":"2023-01-10T13:32:50","slug":"222400","status":"publish","type":"post","link":"https:\/\/archive.sana.sy\/es\/?p=222400","title":{"rendered":"Titulares de la agencia SANA, 09 de marzo 2022"},"content":{"rendered":"<p><strong><span style=\"color: #800000;\">Damasco, 9 mar (SANA)\u00a0\u00a0<\/span><\/strong><\/p>\n<p>\u2b55\ufe0fLa mujer siria luch\u00f3 y resisti\u00f3 junto al hombre, afirma Primera Dama.<\/p>\n<p>\u2b55\ufe0fSiria: Washington y sus aliados siguen politizando la labor de la OPAQ.<\/p>\n<p>\u2b55\ufe0fAl-Mekdad recibe credenciales de la Encargada de Negocios no residente de Suiza ante Damasco.<\/p>\n<p>\u2b55\ufe0fDeterminados a continuar la resistencia contra \u201cIsrael\u201d, los golaneses conmemoran aniversario del martirio de Ghalia Farhat.<\/p>\n<p>\u2b55\ufe0fLa Legi\u00f3n Internacional podr\u00eda convertir a Ucrania en \u201cun gran Idlib europeo\u201d, enfatiza Haddad.<\/p>\n<p>\u2b55\ufe0fPutin decreta medidas especiales en el \u00e1mbito de la actividad econ\u00f3mica exterior.<\/p>\n<p>\u2b55\ufe0fComit\u00e9 de Amistad Sirio-Ruso del Parlamento reitera su apoyo al leg\u00edtimo derecho de Rusia a la autodefensa.<\/p>\n<p>\u2b55\ufe0fMinuto a minuto.. decimotercer d\u00eda de la operaci\u00f3n especial rusa en Donb\u00e1s.<\/p>\n<p>\u2b55\ufe0f450 terroristas de al-Nousra en Siria llegan a Ucrania.<\/p>\n<p>\u2b55\ufe0fRusia entrega cientos de toneladas de ayuda a ciudades ucranianas.<\/p>\n<p>&nbsp;<\/p>\n","protected":false},"excerpt":{"rendered":"<p>Damasco, 9 mar (SANA)\u00a0\u00a0 \u2b55\ufe0fLa mujer siria luch\u00f3 y resisti\u00f3 junto al hombre, afirma Primera Dama. \u2b55\ufe0fSiria: Washington y sus aliados siguen politizando la labor de la OPAQ. \u2b55\ufe0fAl-Mekdad recibe credenciales de la Encargada de Negocios no residente de Suiza ante Damasco. \u2b55\ufe0fDeterminados a continuar la resistencia contra \u201cIsrael\u201d, los golaneses conmemoran aniversario del martirio &hellip;<\/p>\n","protected":false},"author":35,"featured_media":222403,"comment_status":"closed","ping_status":"closed","sticky":false,"template":"","format":"standard","meta":{"footnotes":""},"categories":[477,447,555,597,476,7541],"tags":[],"class_list":["post-222400","post","type-post","status-publish","format-standard","has-post-thumbnail","","category-noticias-edulcorantes","category-local-politica","category-prensa","category-cinta-de-noticias","category-locales","category-ultimas-noticias"],"_links":{"self":[{"href":"https:\/\/archive.sana.sy\/es\/index.php?rest_route=\/wp\/v2\/posts\/222400"}],"collection":[{"href":"https:\/\/archive.sana.sy\/es\/index.php?rest_route=\/wp\/v2\/posts"}],"about":[{"href":"https:\/\/archive.sana.sy\/es\/index.php?rest_route=\/wp\/v2\/types\/post"}],"author":[{"embeddable":true,"href":"https:\/\/archive.sana.sy\/es\/index.php?rest_route=\/wp\/v2\/users\/35"}],"replies":[{"embeddable":true,"href":"https:\/\/archive.sana.sy\/es\/index.php?rest_route=%2Fwp%2Fv2%2Fcomments&post=222400"}],"version-history":[{"count":0,"href":"https:\/\/archive.sana.sy\/es\/index.php?rest_route=\/wp\/v2\/posts\/222400\/revisions"}],"wp:featuredmedia":[{"embeddable":true,"href":"https:\/\/archive.sana.sy\/es\/index.php?rest_route=\/wp\/v2\/media\/222403"}],"wp:attachment":[{"href":"https:\/\/archive.sana.sy\/es\/index.php?rest_route=%2Fwp%2Fv2%2Fmedia&parent=222400"}],"wp:term":[{"taxonomy":"category","embeddable":true,"href":"https:\/\/archive.sana.sy\/es\/index.php?rest_route=%2Fwp%2Fv2%2Fcategories&post=222400"},{"taxonomy":"post_tag","embeddable":true,"href":"https:\/\/archive.sana.sy\/es\/index.php?rest_route=%2Fwp%2Fv2%2Ftags&post=222400"}],"curies":[{"name":"wp","href":"https:\/\/api.w.org\/{rel}","templated":true}]}}