{"id":222411,"date":"2022-03-09T08:40:16","date_gmt":"2022-03-09T06:40:16","guid":{"rendered":"http:\/\/107.6.182.27\/es\/?p=222411"},"modified":"2023-01-10T16:37:59","modified_gmt":"2023-01-10T14:37:59","slug":"moscu-revela-documentos-que-confirman-intencion-de-kiev-de-lanzar-ofensiva-en-donbas-este-mes","status":"publish","type":"post","link":"https:\/\/archive.sana.sy\/es\/?p=222411","title":{"rendered":"Mosc\u00fa revela documentos que confirman intenci\u00f3n de Kiev de lanzar ofensiva en Donb\u00e1s este mes"},"content":{"rendered":"<p style=\"text-align: justify;\"><strong><span style=\"color: #800000;\">Mosc\u00fa, 9 mar (SANA)<\/span><\/strong>\u00a0 El Ministerio de Defensa de la Federaci\u00f3n de Rusia public\u00f3 hoy documentos que revelan que Kiev planeaba lanzar una operaci\u00f3n de ofensiva en Donb\u00e1s para el mes de marzo.<\/p>\n<p style=\"text-align: justify;\">Citado por Sputnik, el portavoz del Ministerio el mayor general \u00cdgor Konash\u00e9nkov, dijo en una sesi\u00f3n informativa, que el Ministerio de Defensa de Rusia publica la orden secreta original del comandante de la Guardia Nacional de Ucrania, el coronel general Mykola Bal\u00e1n, con fecha del 22 de enero de 2022&#8243;.<\/p>\n<p style=\"text-align: justify;\">Se trata de &#8220;una orden&#8221; sobre la organizaci\u00f3n del entrenamiento de un grupo t\u00e1ctico de batall\u00f3n de la 4\u00aa brigada operativa para realizar tareas de combate especiales en la operaci\u00f3n de fuerzas conjuntas como parte de una brigada de las fuerzas armadas de Ucrania.<\/p>\n<p style=\"text-align: justify;\">El documento est\u00e1 dirigido a los jefes de los departamentos territoriales del norte de Kiev, el sur de Odesa y el oeste de la Guardia Nacional de Ucrania, dijo Konash\u00e9nkov.<\/p>\n<p style=\"text-align: justify;\">&#8220;La orden, entregada al mando de la guardia nacional de Ucrania, describe en detalle el plan para la preparaci\u00f3n de uno de los grupos de ataque para operaciones ofensivas en la zona de la llamada &#8216;Operaci\u00f3n de Fuerzas Conjuntas&#8217; en Donb\u00e1s&#8221;, dijo el dijo el general.<\/p>\n<p style=\"text-align: justify;\"><em>fm\/ws<\/em><\/p>\n","protected":false},"excerpt":{"rendered":"<p>Mosc\u00fa, 9 mar (SANA)\u00a0 El Ministerio de Defensa de la Federaci\u00f3n de Rusia public\u00f3 hoy documentos que revelan que Kiev planeaba lanzar una operaci\u00f3n de ofensiva en Donb\u00e1s para el mes de marzo. Citado por Sputnik, el portavoz del Ministerio el mayor general \u00cdgor Konash\u00e9nkov, dijo en una sesi\u00f3n informativa, que el Ministerio de Defensa &hellip;<\/p>\n","protected":false},"author":35,"featured_media":222412,"comment_status":"closed","ping_status":"closed","sticky":false,"template":"","format":"standard","meta":{"footnotes":""},"categories":[597,456,583],"tags":[],"class_list":["post-222411","post","type-post","status-publish","format-standard","has-post-thumbnail","","category-cinta-de-noticias","category-arabe-internacional-politica","category-slide"],"_links":{"self":[{"href":"https:\/\/archive.sana.sy\/es\/index.php?rest_route=\/wp\/v2\/posts\/222411"}],"collection":[{"href":"https:\/\/archive.sana.sy\/es\/index.php?rest_route=\/wp\/v2\/posts"}],"about":[{"href":"https:\/\/archive.sana.sy\/es\/index.php?rest_route=\/wp\/v2\/types\/post"}],"author":[{"embeddable":true,"href":"https:\/\/archive.sana.sy\/es\/index.php?rest_route=\/wp\/v2\/users\/35"}],"replies":[{"embeddable":true,"href":"https:\/\/archive.sana.sy\/es\/index.php?rest_route=%2Fwp%2Fv2%2Fcomments&post=222411"}],"version-history":[{"count":0,"href":"https:\/\/archive.sana.sy\/es\/index.php?rest_route=\/wp\/v2\/posts\/222411\/revisions"}],"wp:featuredmedia":[{"embeddable":true,"href":"https:\/\/archive.sana.sy\/es\/index.php?rest_route=\/wp\/v2\/media\/222412"}],"wp:attachment":[{"href":"https:\/\/archive.sana.sy\/es\/index.php?rest_route=%2Fwp%2Fv2%2Fmedia&parent=222411"}],"wp:term":[{"taxonomy":"category","embeddable":true,"href":"https:\/\/archive.sana.sy\/es\/index.php?rest_route=%2Fwp%2Fv2%2Fcategories&post=222411"},{"taxonomy":"post_tag","embeddable":true,"href":"https:\/\/archive.sana.sy\/es\/index.php?rest_route=%2Fwp%2Fv2%2Ftags&post=222411"}],"curies":[{"name":"wp","href":"https:\/\/api.w.org\/{rel}","templated":true}]}}