{"id":222425,"date":"2022-03-09T11:12:13","date_gmt":"2022-03-09T09:12:13","guid":{"rendered":"http:\/\/107.6.182.27\/es\/?p=222425"},"modified":"2023-01-10T16:37:59","modified_gmt":"2023-01-10T14:37:59","slug":"moscu-la-ue-pierde-conexion-con-la-realidad-con-las-sanciones-a-rusia","status":"publish","type":"post","link":"https:\/\/archive.sana.sy\/es\/?p=222425","title":{"rendered":"Mosc\u00fa: la UE pierde conexi\u00f3n con la realidad con las sanciones a Rusia"},"content":{"rendered":"<p style=\"text-align: justify;\"><strong><span style=\"color: #800000;\">Mosc\u00fa, 9 mar (SANA)<\/span><\/strong>\u00a0 El jefe del Departamento de Cooperaci\u00f3n Econ\u00f3mica del Ministerio de Exteriores de Rusia, Dmitri Birichevski, dijo hoy que la Uni\u00f3n Europea se est\u00e1 desvinculando de la realidad en su empe\u00f1o por presionar a Rusia con sanciones adicionales.<\/p>\n<p style=\"text-align: justify;\">&#8220;Desde la Uni\u00f3n Europea se siguen escuchando los llamados a presionar m\u00e1s a Rusia con las sanciones. Semejante pol\u00edtica de Occidente sigue una l\u00f3gica completamente desvinculada de la realidad&#8221;, dijo el funcionario a Sputnik.<\/p>\n<p style=\"text-align: justify;\">El diplom\u00e1tico enfatiz\u00f3 que las medidas restrictivas &#8220;provocan la ruptura de las cadenas de producci\u00f3n y comercio, adem\u00e1s de un da\u00f1o colosal a los ciudadanos de pa\u00edses miembros de la UE&#8221;.<\/p>\n<p style=\"text-align: justify;\"><em>fm\/ws<\/em><\/p>\n","protected":false},"excerpt":{"rendered":"<p>Mosc\u00fa, 9 mar (SANA)\u00a0 El jefe del Departamento de Cooperaci\u00f3n Econ\u00f3mica del Ministerio de Exteriores de Rusia, Dmitri Birichevski, dijo hoy que la Uni\u00f3n Europea se est\u00e1 desvinculando de la realidad en su empe\u00f1o por presionar a Rusia con sanciones adicionales. &#8220;Desde la Uni\u00f3n Europea se siguen escuchando los llamados a presionar m\u00e1s a Rusia &hellip;<\/p>\n","protected":false},"author":35,"featured_media":222426,"comment_status":"closed","ping_status":"closed","sticky":false,"template":"","format":"standard","meta":{"footnotes":""},"categories":[597,456,7541],"tags":[],"class_list":["post-222425","post","type-post","status-publish","format-standard","has-post-thumbnail","","category-cinta-de-noticias","category-arabe-internacional-politica","category-ultimas-noticias"],"_links":{"self":[{"href":"https:\/\/archive.sana.sy\/es\/index.php?rest_route=\/wp\/v2\/posts\/222425"}],"collection":[{"href":"https:\/\/archive.sana.sy\/es\/index.php?rest_route=\/wp\/v2\/posts"}],"about":[{"href":"https:\/\/archive.sana.sy\/es\/index.php?rest_route=\/wp\/v2\/types\/post"}],"author":[{"embeddable":true,"href":"https:\/\/archive.sana.sy\/es\/index.php?rest_route=\/wp\/v2\/users\/35"}],"replies":[{"embeddable":true,"href":"https:\/\/archive.sana.sy\/es\/index.php?rest_route=%2Fwp%2Fv2%2Fcomments&post=222425"}],"version-history":[{"count":0,"href":"https:\/\/archive.sana.sy\/es\/index.php?rest_route=\/wp\/v2\/posts\/222425\/revisions"}],"wp:featuredmedia":[{"embeddable":true,"href":"https:\/\/archive.sana.sy\/es\/index.php?rest_route=\/wp\/v2\/media\/222426"}],"wp:attachment":[{"href":"https:\/\/archive.sana.sy\/es\/index.php?rest_route=%2Fwp%2Fv2%2Fmedia&parent=222425"}],"wp:term":[{"taxonomy":"category","embeddable":true,"href":"https:\/\/archive.sana.sy\/es\/index.php?rest_route=%2Fwp%2Fv2%2Fcategories&post=222425"},{"taxonomy":"post_tag","embeddable":true,"href":"https:\/\/archive.sana.sy\/es\/index.php?rest_route=%2Fwp%2Fv2%2Ftags&post=222425"}],"curies":[{"name":"wp","href":"https:\/\/api.w.org\/{rel}","templated":true}]}}