{"id":22255,"date":"2015-04-30T12:11:21","date_gmt":"2015-04-30T09:11:21","guid":{"rendered":"http:\/\/www.sana.sy\/es\/?p=22255"},"modified":"2015-04-30T12:11:21","modified_gmt":"2015-04-30T09:11:21","slug":"zarif-los-pueblos-de-yemen-y-siria-son-los-que-deciden-su-futuro-politico","status":"publish","type":"post","link":"https:\/\/archive.sana.sy\/es\/?p=22255","title":{"rendered":"Zarif: los pueblos de Yemen y Siria son los que deciden su futuro pol\u00edtico"},"content":{"rendered":"<div><span lang=\"ES-TRAD\" style=\"color: #ff0000\">Nueva York, SANA<\/span><\/div>\n<div><i><span lang=\"ES-TRAD\">\u00a0<\/span><\/i><\/div>\n<div><span lang=\"ES-TRAD\">El ministro de Exteriores iran\u00ed, Mohammad Javad Zarif, subray\u00f3 que los pueblos de Siria y Yemen son los que optan por su futuro pol\u00edtico.<\/span><\/div>\n<div><span lang=\"ES-TRAD\">\u00a0<\/span><\/div>\n<div><span lang=\"ES-TRAD\">En un discurso pronunciado en la Universidad de Nueva York, el canciller iran\u00ed a\u00f1adi\u00f3 que el r\u00e9gimen saud\u00ed ofrece apoyo a la organizaci\u00f3n terrorista del &#8220;Estado Isl\u00e1mico&#8221;, opinando que esto dar\u00e1 lugar a agravar la crisis de seguridad en la regi\u00f3n.<\/span><\/div>\n<div><span lang=\"ES-TRAD\">\u00a0<\/span><\/div>\n<div><span lang=\"ES-TRAD\">Tambi\u00e9n revel\u00f3 que mil armados al mes se unen a las filas de los terroristas.<\/span><\/div>\n<div><span lang=\"ES-TRAD\">\u00a0<\/span><\/div>\n<div><span lang=\"ES-TRAD\">Por otro lado, Zarif hizo hincapi\u00e9 en que Ir\u00e1n es un jugador serio en el Medio Oriente y busca lograr la paz y la seguridad en la regi\u00f3n.<\/span><\/div>\n<div><\/div>\n<div><span style=\"color: #00ccff\">Fady M., Hala B.<\/span><\/div>\n","protected":false},"excerpt":{"rendered":"<p>Nueva York, SANA \u00a0 El ministro de Exteriores iran\u00ed, Mohammad Javad Zarif, subray\u00f3 que los pueblos de Siria y Yemen son los que optan por su futuro pol\u00edtico. \u00a0 En un discurso pronunciado en la Universidad de Nueva York, el canciller iran\u00ed a\u00f1adi\u00f3 que el r\u00e9gimen saud\u00ed ofrece apoyo a la organizaci\u00f3n terrorista del &#8220;Estado &hellip;<\/p>\n","protected":false},"author":1,"featured_media":22256,"comment_status":"closed","ping_status":"closed","sticky":false,"template":"","format":"standard","meta":{"footnotes":""},"categories":[456,576],"tags":[5064],"class_list":["post-22255","post","type-post","status-publish","format-standard","has-post-thumbnail","","category-arabe-internacional-politica","category-noticias-politicas","tag-zarif-los-pueblos-de-yemen-y-siria-son-los-que-deciden-su-futuro-politico"],"_links":{"self":[{"href":"https:\/\/archive.sana.sy\/es\/index.php?rest_route=\/wp\/v2\/posts\/22255"}],"collection":[{"href":"https:\/\/archive.sana.sy\/es\/index.php?rest_route=\/wp\/v2\/posts"}],"about":[{"href":"https:\/\/archive.sana.sy\/es\/index.php?rest_route=\/wp\/v2\/types\/post"}],"author":[{"embeddable":true,"href":"https:\/\/archive.sana.sy\/es\/index.php?rest_route=\/wp\/v2\/users\/1"}],"replies":[{"embeddable":true,"href":"https:\/\/archive.sana.sy\/es\/index.php?rest_route=%2Fwp%2Fv2%2Fcomments&post=22255"}],"version-history":[{"count":0,"href":"https:\/\/archive.sana.sy\/es\/index.php?rest_route=\/wp\/v2\/posts\/22255\/revisions"}],"wp:featuredmedia":[{"embeddable":true,"href":"https:\/\/archive.sana.sy\/es\/index.php?rest_route=\/wp\/v2\/media\/22256"}],"wp:attachment":[{"href":"https:\/\/archive.sana.sy\/es\/index.php?rest_route=%2Fwp%2Fv2%2Fmedia&parent=22255"}],"wp:term":[{"taxonomy":"category","embeddable":true,"href":"https:\/\/archive.sana.sy\/es\/index.php?rest_route=%2Fwp%2Fv2%2Fcategories&post=22255"},{"taxonomy":"post_tag","embeddable":true,"href":"https:\/\/archive.sana.sy\/es\/index.php?rest_route=%2Fwp%2Fv2%2Ftags&post=22255"}],"curies":[{"name":"wp","href":"https:\/\/api.w.org\/{rel}","templated":true}]}}