{"id":22261,"date":"2015-04-30T12:16:33","date_gmt":"2015-04-30T09:16:33","guid":{"rendered":"http:\/\/www.sana.sy\/es\/?p=22261"},"modified":"2015-04-30T12:16:33","modified_gmt":"2015-04-30T09:16:33","slug":"lavrov-y-kerry-conversan-por-telefono-sobre-la-situacion-en-siria-libia-yemen-y-ucrania","status":"publish","type":"post","link":"https:\/\/archive.sana.sy\/es\/?p=22261","title":{"rendered":"Lavrov y Kerry conversan por tel\u00e9fono sobre la situaci\u00f3n en Siria, Libia, Yemen y Ucrania"},"content":{"rendered":"<div><span lang=\"ES-TRAD\" style=\"color: #ff0000\">Mosc\u00fa, SANA<\/span><\/div>\n<div><span lang=\"ES-TRAD\">\u00a0<\/span><\/div>\n<div><span lang=\"ES-TRAD\">La cuesti\u00f3n de Ucrania, el conflicto yemen\u00ed y la crisis siria centraron la conversaci\u00f3n telef\u00f3nica entre el canciller ruso, Sergu\u00e9i Lavrov, y el secretario de Estado norteamericano, John Kerry.<\/span><\/div>\n<div><span lang=\"ES-TRAD\">\u00a0<\/span><\/div>\n<div><span lang=\"ES-TRAD\">En un comunicado, el ministerio de Exteriores ruso inform\u00f3 que los dos ministros Lavrov y Kerry intercambiaron puntos de vista sobre las medidas posibles que la comunidad internacional pueda adoptar para poner en marcha un proceso pol\u00edtico para resolver la crisis en Siria, as\u00ed como llegar a una soluci\u00f3n pol\u00edtica de la situaci\u00f3n en Libia y Yemen.<\/span><\/div>\n<div><span lang=\"ES-TRAD\">\u00a0<\/span><\/div>\n<div><span lang=\"ES-TRAD\">Ambos cancilleres debatieron tambi\u00e9n los temas de las relaciones bilaterales.<\/span><\/div>\n<div><span lang=\"ES-TRAD\">\u00a0<\/span><\/div>\n<div><span lang=\"ES-TRAD\">Lavrov subray\u00f3 la necesidad de un di\u00e1logo directo constante entre Kiev y Donetsk y Lugansk sobre la materializaci\u00f3n de los acuerdos de Minsk.<\/span><\/div>\n<div><span lang=\"ES-TRAD\">\u00a0<\/span><\/div>\n<div><span lang=\"ES-TRAD\">El ministerio ruso revel\u00f3 que el contacto que tuvo lugar a iniciativa de la parte estadounidense.<\/span><\/div>\n<div><\/div>\n<div><span style=\"color: #00ccff\">Fady M., Hala B.<\/span><\/div>\n<div class=\"yj6qo ajU\">\n<div id=\":13w\" class=\"ajR\"><img decoding=\"async\" class=\"ajT\" src=\"https:\/\/ssl.gstatic.com\/ui\/v1\/icons\/mail\/images\/cleardot.gif\" alt=\"\" \/><\/div>\n<\/div>\n","protected":false},"excerpt":{"rendered":"<p>Mosc\u00fa, SANA \u00a0 La cuesti\u00f3n de Ucrania, el conflicto yemen\u00ed y la crisis siria centraron la conversaci\u00f3n telef\u00f3nica entre el canciller ruso, Sergu\u00e9i Lavrov, y el secretario de Estado norteamericano, John Kerry. \u00a0 En un comunicado, el ministerio de Exteriores ruso inform\u00f3 que los dos ministros Lavrov y Kerry intercambiaron puntos de vista sobre las &hellip;<\/p>\n","protected":false},"author":1,"featured_media":22262,"comment_status":"closed","ping_status":"closed","sticky":false,"template":"","format":"standard","meta":{"footnotes":""},"categories":[456],"tags":[5066,5067,5068],"class_list":["post-22261","post","type-post","status-publish","format-standard","has-post-thumbnail","","category-arabe-internacional-politica","tag-lavrov-y-kerry-conversan-por-telefono-sobre-la-situacion-en-siria","tag-libia","tag-yemen-y-ucrania"],"_links":{"self":[{"href":"https:\/\/archive.sana.sy\/es\/index.php?rest_route=\/wp\/v2\/posts\/22261"}],"collection":[{"href":"https:\/\/archive.sana.sy\/es\/index.php?rest_route=\/wp\/v2\/posts"}],"about":[{"href":"https:\/\/archive.sana.sy\/es\/index.php?rest_route=\/wp\/v2\/types\/post"}],"author":[{"embeddable":true,"href":"https:\/\/archive.sana.sy\/es\/index.php?rest_route=\/wp\/v2\/users\/1"}],"replies":[{"embeddable":true,"href":"https:\/\/archive.sana.sy\/es\/index.php?rest_route=%2Fwp%2Fv2%2Fcomments&post=22261"}],"version-history":[{"count":0,"href":"https:\/\/archive.sana.sy\/es\/index.php?rest_route=\/wp\/v2\/posts\/22261\/revisions"}],"wp:featuredmedia":[{"embeddable":true,"href":"https:\/\/archive.sana.sy\/es\/index.php?rest_route=\/wp\/v2\/media\/22262"}],"wp:attachment":[{"href":"https:\/\/archive.sana.sy\/es\/index.php?rest_route=%2Fwp%2Fv2%2Fmedia&parent=22261"}],"wp:term":[{"taxonomy":"category","embeddable":true,"href":"https:\/\/archive.sana.sy\/es\/index.php?rest_route=%2Fwp%2Fv2%2Fcategories&post=22261"},{"taxonomy":"post_tag","embeddable":true,"href":"https:\/\/archive.sana.sy\/es\/index.php?rest_route=%2Fwp%2Fv2%2Ftags&post=22261"}],"curies":[{"name":"wp","href":"https:\/\/api.w.org\/{rel}","templated":true}]}}