{"id":222619,"date":"2022-03-09T21:17:52","date_gmt":"2022-03-09T19:17:52","guid":{"rendered":"http:\/\/107.6.182.27\/es\/?p=222619"},"modified":"2023-01-10T16:37:57","modified_gmt":"2023-01-10T14:37:57","slug":"fuerzas-de-ocupacion-israelies-atacan-aldea-de-birin-en-cisjordania","status":"publish","type":"post","link":"https:\/\/archive.sana.sy\/es\/?p=222619","title":{"rendered":"Fuerzas de ocupaci\u00f3n israel\u00edes atacan aldea de Birin en Cisjordania"},"content":{"rendered":"<p style=\"text-align: justify;\"><span style=\"color: #800000;\"><strong>Jerusal\u00e9n ocupada, 9 mar (SANA)<\/strong><\/span> Las fuerzas de ocupaci\u00f3n israel\u00edes atacaron esta noche propiedades palestinas en la ciudad de Hebr\u00f3n, en Cisjordania, seg\u00fan report\u00f3 la agencia de prensa palestina WAFA.<\/p>\n<p style=\"text-align: justify;\">Seg\u00fan la fuente, soldados israel\u00edes junto con varios colonos asaltaron el pueblo de Birin, al sur de la ciudad, y destruyeron bombas de agua y redes que suministran agua al pueblo.<\/p>\n<p style=\"text-align: justify;\">La aldea de Birin est\u00e1 constantemente expuesta a los ataques de los colonos y las fuerzas de ocupaci\u00f3n con el objetivo de restringir a los palestinos y privarlos de las necesidades m\u00e1s b\u00e1sicas de la vida para obligarlos a abandonar sus tierras.<\/p>\n<p><em>mm<\/em><\/p>\n","protected":false},"excerpt":{"rendered":"<p>Jerusal\u00e9n ocupada, 9 mar (SANA) Las fuerzas de ocupaci\u00f3n israel\u00edes atacaron esta noche propiedades palestinas en la ciudad de Hebr\u00f3n, en Cisjordania, seg\u00fan report\u00f3 la agencia de prensa palestina WAFA. Seg\u00fan la fuente, soldados israel\u00edes junto con varios colonos asaltaron el pueblo de Birin, al sur de la ciudad, y destruyeron bombas de agua y &hellip;<\/p>\n","protected":false},"author":36,"featured_media":222620,"comment_status":"closed","ping_status":"closed","sticky":false,"template":"","format":"standard","meta":{"footnotes":""},"categories":[597,456,457],"tags":[],"class_list":["post-222619","post","type-post","status-publish","format-standard","has-post-thumbnail","","category-cinta-de-noticias","category-arabe-internacional-politica","category-noticias-arabe-internacional-politica"],"_links":{"self":[{"href":"https:\/\/archive.sana.sy\/es\/index.php?rest_route=\/wp\/v2\/posts\/222619"}],"collection":[{"href":"https:\/\/archive.sana.sy\/es\/index.php?rest_route=\/wp\/v2\/posts"}],"about":[{"href":"https:\/\/archive.sana.sy\/es\/index.php?rest_route=\/wp\/v2\/types\/post"}],"author":[{"embeddable":true,"href":"https:\/\/archive.sana.sy\/es\/index.php?rest_route=\/wp\/v2\/users\/36"}],"replies":[{"embeddable":true,"href":"https:\/\/archive.sana.sy\/es\/index.php?rest_route=%2Fwp%2Fv2%2Fcomments&post=222619"}],"version-history":[{"count":0,"href":"https:\/\/archive.sana.sy\/es\/index.php?rest_route=\/wp\/v2\/posts\/222619\/revisions"}],"wp:featuredmedia":[{"embeddable":true,"href":"https:\/\/archive.sana.sy\/es\/index.php?rest_route=\/wp\/v2\/media\/222620"}],"wp:attachment":[{"href":"https:\/\/archive.sana.sy\/es\/index.php?rest_route=%2Fwp%2Fv2%2Fmedia&parent=222619"}],"wp:term":[{"taxonomy":"category","embeddable":true,"href":"https:\/\/archive.sana.sy\/es\/index.php?rest_route=%2Fwp%2Fv2%2Fcategories&post=222619"},{"taxonomy":"post_tag","embeddable":true,"href":"https:\/\/archive.sana.sy\/es\/index.php?rest_route=%2Fwp%2Fv2%2Ftags&post=222619"}],"curies":[{"name":"wp","href":"https:\/\/api.w.org\/{rel}","templated":true}]}}