{"id":22264,"date":"2015-04-30T12:10:51","date_gmt":"2015-04-30T09:10:51","guid":{"rendered":"http:\/\/www.sana.sy\/es\/?p=22264"},"modified":"2015-04-30T12:18:26","modified_gmt":"2015-04-30T09:18:26","slug":"cientos-de-turcos-se-manifiestan-en-antioquia-en-solidaridad-con-el-pueblo-sirio","status":"publish","type":"post","link":"https:\/\/archive.sana.sy\/es\/?p=22264","title":{"rendered":"Cientos de turcos se manifiestan en Antioqu\u00eda en solidaridad con el pueblo sirio"},"content":{"rendered":"<div><span lang=\"ES-TRAD\" style=\"color: #ff0000\">Ankara, SANA<\/span><\/div>\n<div><span lang=\"ES-TRAD\">\u00a0<\/span><\/div>\n<div><span lang=\"ES-TRAD\">Cientos de ciudadanos turcos salieron a las calles en la ciudad de Antioqu\u00eda para expresar su condena a los cr\u00edmenes cometidos por la organizaci\u00f3n terrorista del Frente al-Nousra contra los civiles en varias aldeas de Idleb.<\/span><\/div>\n<div><span lang=\"ES-TRAD\">\u00a0<\/span><\/div>\n<div><span lang=\"ES-TRAD\">Los manifestantes hicieron hincapi\u00e9 en que el r\u00e9gimen turco ofrece todo tipo de apoyo a las organizaciones terroristas, y expresaron su solidaridad con el pueblo sirio en su confrontaci\u00f3n con el terrorismo.<\/span><\/div>\n<div><span lang=\"ES-TRAD\">\u00a0<\/span><\/div>\n<div><span lang=\"ES-TRAD\">Las fuerzas policiales asaltaron a los manifestantes y les impidieron de llegar a la plaza de la ciudad, utilizando bombas de gas lacrim\u00f3geno lo que les oblig\u00f3 a cambiar la ruta de la demostraci\u00f3n.<\/span><\/div>\n<div class=\"yj6qo ajU\">\n<div id=\":143\" class=\"ajR\"><img decoding=\"async\" class=\"ajT\" src=\"https:\/\/ssl.gstatic.com\/ui\/v1\/icons\/mail\/images\/cleardot.gif\" alt=\"\" \/><\/div>\n<div class=\"ajR\"><span style=\"color: #00ccff\">Fady M., Hala B.<\/span><\/div>\n<\/div>\n","protected":false},"excerpt":{"rendered":"<p>Ankara, SANA \u00a0 Cientos de ciudadanos turcos salieron a las calles en la ciudad de Antioqu\u00eda para expresar su condena a los cr\u00edmenes cometidos por la organizaci\u00f3n terrorista del Frente al-Nousra contra los civiles en varias aldeas de Idleb. \u00a0 Los manifestantes hicieron hincapi\u00e9 en que el r\u00e9gimen turco ofrece todo tipo de apoyo a &hellip;<\/p>\n","protected":false},"author":1,"featured_media":22265,"comment_status":"closed","ping_status":"closed","sticky":false,"template":"","format":"standard","meta":{"footnotes":""},"categories":[456,576],"tags":[5069],"class_list":["post-22264","post","type-post","status-publish","format-standard","has-post-thumbnail","","category-arabe-internacional-politica","category-noticias-politicas","tag-cientos-de-turcos-se-manifiestan-en-antioquia-en-solidaridad-con-el-pueblo-sirio"],"_links":{"self":[{"href":"https:\/\/archive.sana.sy\/es\/index.php?rest_route=\/wp\/v2\/posts\/22264"}],"collection":[{"href":"https:\/\/archive.sana.sy\/es\/index.php?rest_route=\/wp\/v2\/posts"}],"about":[{"href":"https:\/\/archive.sana.sy\/es\/index.php?rest_route=\/wp\/v2\/types\/post"}],"author":[{"embeddable":true,"href":"https:\/\/archive.sana.sy\/es\/index.php?rest_route=\/wp\/v2\/users\/1"}],"replies":[{"embeddable":true,"href":"https:\/\/archive.sana.sy\/es\/index.php?rest_route=%2Fwp%2Fv2%2Fcomments&post=22264"}],"version-history":[{"count":0,"href":"https:\/\/archive.sana.sy\/es\/index.php?rest_route=\/wp\/v2\/posts\/22264\/revisions"}],"wp:featuredmedia":[{"embeddable":true,"href":"https:\/\/archive.sana.sy\/es\/index.php?rest_route=\/wp\/v2\/media\/22265"}],"wp:attachment":[{"href":"https:\/\/archive.sana.sy\/es\/index.php?rest_route=%2Fwp%2Fv2%2Fmedia&parent=22264"}],"wp:term":[{"taxonomy":"category","embeddable":true,"href":"https:\/\/archive.sana.sy\/es\/index.php?rest_route=%2Fwp%2Fv2%2Fcategories&post=22264"},{"taxonomy":"post_tag","embeddable":true,"href":"https:\/\/archive.sana.sy\/es\/index.php?rest_route=%2Fwp%2Fv2%2Ftags&post=22264"}],"curies":[{"name":"wp","href":"https:\/\/api.w.org\/{rel}","templated":true}]}}