{"id":222646,"date":"2022-03-10T07:20:48","date_gmt":"2022-03-10T05:20:48","guid":{"rendered":"http:\/\/107.6.182.27\/es\/?p=222646"},"modified":"2023-01-10T16:37:56","modified_gmt":"2023-01-10T14:37:56","slug":"por-que-tenemos-que-creer-que-la-verdad-la-dice-siempre-occidente","status":"publish","type":"post","link":"https:\/\/archive.sana.sy\/es\/?p=222646","title":{"rendered":"\u00bfPor qu\u00e9 tenemos que creer que la verdad la dice siempre Occidente?"},"content":{"rendered":"<p style=\"text-align: justify;\"><span style=\"color: #800000;\"><strong>Damasco, 10 mar (SANA)\u00a0 \u00a0<\/strong><\/span>&#8220;\u00bfPor qu\u00e9 nos impiden acceder a m\u00e1s fuentes, por qu\u00e9 tenemos que creer que la verdad la dice siempre Occidente?&#8221;. Preguntas ret\u00f3ricas planteadas por la secretaria general de la Uni\u00f3n de Trabajadores de Prensa de Buenos Aires, Lidia Fagale, ante la censura contra los medios internacionales rusos.<\/p>\n<p style=\"text-align: justify;\">&#8220;Repudiamos y rechazamos la censura impuesta contra Sputnik y RT&#8221;, manifest\u00f3 Fagale, al denunciar que \u201cen este momento la libertad de prensa s\u00f3lo puede ser ejercida por Occidente y, fundamentalmente, por aquellos medios que siguen las l\u00edneas impuestas por EEUU, su aliado principal, Gran Breta\u00f1a, y la Uni\u00f3n Europea, dejando relegados a aquellos medios que se permiten tener una visi\u00f3n cr\u00edtica o un pensamiento alternativo, o la posibilidad de aportar a la construcci\u00f3n de la verdad, o de su verdad, frente a la mentira organizada\u201d.<\/p>\n<p style=\"text-align: justify;\">Seg\u00fan la comunicadora, la actuaci\u00f3n de Occidente ante las voces alternativas \u201cha hecho m\u00e1s evidente la crisis a la que han llegado los medios internacionales, poniendo inclusive en tela de juicio, o reconstruyendo, o resiginificando este concepto de libertad de prensa que parece que lo pueden ejercer unos pocos y est\u00e1 visto con una sola lupa\u201d.<\/p>\n<p style=\"text-align: justify;\">Fagale subray\u00f3 que \u201cla libertad de prensa no s\u00f3lo es lo que se dice\u201d, sino, \u201cfundamentalmente, lo que se silencia\u201d, donde la censura contra Sputnik y RT impide a la ciudadan\u00eda occidental \u201centender c\u00f3mo naci\u00f3 el conflicto\u201d de Ucrania, as\u00ed como otros temas de actualidad internacional, ante la \u201cdominaci\u00f3n\u201d del espacio medi\u00e1tico por parte de \u201cun sector\u201d.<\/p>\n<p style=\"text-align: justify;\"><strong>Fuente: Sputnik<\/strong><\/p>\n","protected":false},"excerpt":{"rendered":"<p>Damasco, 10 mar (SANA)\u00a0 \u00a0&#8220;\u00bfPor qu\u00e9 nos impiden acceder a m\u00e1s fuentes, por qu\u00e9 tenemos que creer que la verdad la dice siempre Occidente?&#8221;. Preguntas ret\u00f3ricas planteadas por la secretaria general de la Uni\u00f3n de Trabajadores de Prensa de Buenos Aires, Lidia Fagale, ante la censura contra los medios internacionales rusos. &#8220;Repudiamos y rechazamos la &hellip;<\/p>\n","protected":false},"author":34,"featured_media":222647,"comment_status":"closed","ping_status":"closed","sticky":false,"template":"","format":"standard","meta":{"footnotes":""},"categories":[16929,597,456,7541],"tags":[],"class_list":["post-222646","post","type-post","status-publish","format-standard","has-post-thumbnail","","category-articulos-de-opinion","category-cinta-de-noticias","category-arabe-internacional-politica","category-ultimas-noticias"],"_links":{"self":[{"href":"https:\/\/archive.sana.sy\/es\/index.php?rest_route=\/wp\/v2\/posts\/222646"}],"collection":[{"href":"https:\/\/archive.sana.sy\/es\/index.php?rest_route=\/wp\/v2\/posts"}],"about":[{"href":"https:\/\/archive.sana.sy\/es\/index.php?rest_route=\/wp\/v2\/types\/post"}],"author":[{"embeddable":true,"href":"https:\/\/archive.sana.sy\/es\/index.php?rest_route=\/wp\/v2\/users\/34"}],"replies":[{"embeddable":true,"href":"https:\/\/archive.sana.sy\/es\/index.php?rest_route=%2Fwp%2Fv2%2Fcomments&post=222646"}],"version-history":[{"count":0,"href":"https:\/\/archive.sana.sy\/es\/index.php?rest_route=\/wp\/v2\/posts\/222646\/revisions"}],"wp:featuredmedia":[{"embeddable":true,"href":"https:\/\/archive.sana.sy\/es\/index.php?rest_route=\/wp\/v2\/media\/222647"}],"wp:attachment":[{"href":"https:\/\/archive.sana.sy\/es\/index.php?rest_route=%2Fwp%2Fv2%2Fmedia&parent=222646"}],"wp:term":[{"taxonomy":"category","embeddable":true,"href":"https:\/\/archive.sana.sy\/es\/index.php?rest_route=%2Fwp%2Fv2%2Fcategories&post=222646"},{"taxonomy":"post_tag","embeddable":true,"href":"https:\/\/archive.sana.sy\/es\/index.php?rest_route=%2Fwp%2Fv2%2Ftags&post=222646"}],"curies":[{"name":"wp","href":"https:\/\/api.w.org\/{rel}","templated":true}]}}