{"id":222677,"date":"2022-03-10T11:53:33","date_gmt":"2022-03-10T09:53:33","guid":{"rendered":"http:\/\/107.6.182.27\/es\/?p=222677"},"modified":"2023-01-10T16:37:55","modified_gmt":"2023-01-10T14:37:55","slug":"ministerio-de-defensa-ruso-anuncia-el-control-de-varios-barrios-de-la-ciudad-de-mariupol","status":"publish","type":"post","link":"https:\/\/archive.sana.sy\/es\/?p=222677","title":{"rendered":"Ministerio de Defensa ruso anuncia el control de varios barrios de la ciudad de Mari\u00fapol"},"content":{"rendered":"<p style=\"text-align: justify;\"><strong><span style=\"color: #800000;\">Mosc\u00fa, 10 mar (SANA)\u00a0<\/span> <\/strong>\u00a0El Ministerio de Defensa ruso anunci\u00f3 la continuaci\u00f3n de la operaci\u00f3n para liberar la ciudad de Mari\u00fapol de los nacionalistas extremistas ucranianos.<\/p>\n<p style=\"text-align: justify;\">El portavoz del Ministerio, el general \u00cdgor Konash\u00e9nkov, dijo que unidades de la Rep\u00fablica Popular de Donetsk tomaron el control de los barrios de Azovsky, Naydinovka, Liabino y Vinograd en el este de la ciudad, y liberaron el distrito de Zapadny al oeste de Mari\u00fapol.<\/p>\n<p style=\"text-align: justify;\">Las tropas de la Rep\u00fablica de Donetsk contin\u00faan con sus operaciones ofensivas y tomaron el control de las localidades ucranianas de Blignoye y Tavla, agreg\u00f3 Konash\u00e9nkov.<\/p>\n<p style=\"text-align: justify;\">ed\/fm<\/p>\n","protected":false},"excerpt":{"rendered":"<p>Mosc\u00fa, 10 mar (SANA)\u00a0 \u00a0El Ministerio de Defensa ruso anunci\u00f3 la continuaci\u00f3n de la operaci\u00f3n para liberar la ciudad de Mari\u00fapol de los nacionalistas extremistas ucranianos. El portavoz del Ministerio, el general \u00cdgor Konash\u00e9nkov, dijo que unidades de la Rep\u00fablica Popular de Donetsk tomaron el control de los barrios de Azovsky, Naydinovka, Liabino y Vinograd &hellip;<\/p>\n","protected":false},"author":32,"featured_media":222688,"comment_status":"closed","ping_status":"closed","sticky":false,"template":"","format":"standard","meta":{"footnotes":""},"categories":[597,456,7541],"tags":[20692,7016],"class_list":["post-222677","post","type-post","status-publish","format-standard","has-post-thumbnail","","category-cinta-de-noticias","category-arabe-internacional-politica","category-ultimas-noticias","tag-mariupol","tag-moscu"],"_links":{"self":[{"href":"https:\/\/archive.sana.sy\/es\/index.php?rest_route=\/wp\/v2\/posts\/222677"}],"collection":[{"href":"https:\/\/archive.sana.sy\/es\/index.php?rest_route=\/wp\/v2\/posts"}],"about":[{"href":"https:\/\/archive.sana.sy\/es\/index.php?rest_route=\/wp\/v2\/types\/post"}],"author":[{"embeddable":true,"href":"https:\/\/archive.sana.sy\/es\/index.php?rest_route=\/wp\/v2\/users\/32"}],"replies":[{"embeddable":true,"href":"https:\/\/archive.sana.sy\/es\/index.php?rest_route=%2Fwp%2Fv2%2Fcomments&post=222677"}],"version-history":[{"count":0,"href":"https:\/\/archive.sana.sy\/es\/index.php?rest_route=\/wp\/v2\/posts\/222677\/revisions"}],"wp:featuredmedia":[{"embeddable":true,"href":"https:\/\/archive.sana.sy\/es\/index.php?rest_route=\/wp\/v2\/media\/222688"}],"wp:attachment":[{"href":"https:\/\/archive.sana.sy\/es\/index.php?rest_route=%2Fwp%2Fv2%2Fmedia&parent=222677"}],"wp:term":[{"taxonomy":"category","embeddable":true,"href":"https:\/\/archive.sana.sy\/es\/index.php?rest_route=%2Fwp%2Fv2%2Fcategories&post=222677"},{"taxonomy":"post_tag","embeddable":true,"href":"https:\/\/archive.sana.sy\/es\/index.php?rest_route=%2Fwp%2Fv2%2Ftags&post=222677"}],"curies":[{"name":"wp","href":"https:\/\/api.w.org\/{rel}","templated":true}]}}