{"id":22274,"date":"2015-04-30T16:39:29","date_gmt":"2015-04-30T13:39:29","guid":{"rendered":"http:\/\/www.sana.sy\/es\/?p=22274"},"modified":"2015-05-02T13:11:31","modified_gmt":"2015-05-02T10:11:31","slug":"conceden-carne-de-honor-a-los-familiares-de-los-caidos-en-la-lucha-antiterrorista","status":"publish","type":"post","link":"https:\/\/archive.sana.sy\/es\/?p=22274","title":{"rendered":"Conceden \u201ccarn\u00e9 de honor\u201d a los familiares de los ca\u00eddos en la lucha antiterrorista"},"content":{"rendered":"<p><span style=\"color: #800000\">Damasco, SANA<\/span><\/p>\n<p>El presidente Bashar al-Assad, promulg\u00f3 este jueves el decreto legislativo No. 20 para el a\u00f1o 2015, el cual estipula la concesi\u00f3n de un \u201cCarn\u00e9 de Honor\u201d para homenajear a las siguientes categor\u00edas:<\/p>\n<p>1-\u00a0\u00a0 Los c\u00f3nyuges, los hijos y los padres de los m\u00e1rtires de los desaparecidos a causa de las operaciones militares o de los que perdieron la vida a manos de las bandas terroristas.<br \/>\n2-\u00a0\u00a0 Las personas que sufren discapacidad f\u00edsica total a causa de las razones mencionadas en la cl\u00e1usula anterior, junto con sus hijos o c\u00f3nyuges o padres.<\/p>\n<p>Las personas que portan el Carn\u00e9 de Honor ser\u00e1n atendidas gratuitamente en los hospitales y las cl\u00ednicas militares y estatales, as\u00ed como se les hace un descuento del 50% de las tarifas de todos los medios de transporte del sector p\u00fablico.<\/p>\n<p>Lynn A., Fady M.<\/p>\n","protected":false},"excerpt":{"rendered":"<p>Damasco, SANA El presidente Bashar al-Assad, promulg\u00f3 este jueves el decreto legislativo No. 20 para el a\u00f1o 2015, el cual estipula la concesi\u00f3n de un \u201cCarn\u00e9 de Honor\u201d para homenajear a las siguientes categor\u00edas: 1-\u00a0\u00a0 Los c\u00f3nyuges, los hijos y los padres de los m\u00e1rtires de los desaparecidos a causa de las operaciones militares o &hellip;<\/p>\n","protected":false},"author":24,"featured_media":21677,"comment_status":"closed","ping_status":"closed","sticky":false,"template":"","format":"standard","meta":{"footnotes":""},"categories":[477,476,626],"tags":[5071],"class_list":["post-22274","post","type-post","status-publish","format-standard","has-post-thumbnail","","category-noticias-edulcorantes","category-locales","category-sr-presidente","tag-conceden-carne-de-honor-a-los-familiares-de-los-caidos-en-la-lucha-antiterrorista"],"_links":{"self":[{"href":"https:\/\/archive.sana.sy\/es\/index.php?rest_route=\/wp\/v2\/posts\/22274"}],"collection":[{"href":"https:\/\/archive.sana.sy\/es\/index.php?rest_route=\/wp\/v2\/posts"}],"about":[{"href":"https:\/\/archive.sana.sy\/es\/index.php?rest_route=\/wp\/v2\/types\/post"}],"author":[{"embeddable":true,"href":"https:\/\/archive.sana.sy\/es\/index.php?rest_route=\/wp\/v2\/users\/24"}],"replies":[{"embeddable":true,"href":"https:\/\/archive.sana.sy\/es\/index.php?rest_route=%2Fwp%2Fv2%2Fcomments&post=22274"}],"version-history":[{"count":0,"href":"https:\/\/archive.sana.sy\/es\/index.php?rest_route=\/wp\/v2\/posts\/22274\/revisions"}],"wp:featuredmedia":[{"embeddable":true,"href":"https:\/\/archive.sana.sy\/es\/index.php?rest_route=\/wp\/v2\/media\/21677"}],"wp:attachment":[{"href":"https:\/\/archive.sana.sy\/es\/index.php?rest_route=%2Fwp%2Fv2%2Fmedia&parent=22274"}],"wp:term":[{"taxonomy":"category","embeddable":true,"href":"https:\/\/archive.sana.sy\/es\/index.php?rest_route=%2Fwp%2Fv2%2Fcategories&post=22274"},{"taxonomy":"post_tag","embeddable":true,"href":"https:\/\/archive.sana.sy\/es\/index.php?rest_route=%2Fwp%2Fv2%2Ftags&post=22274"}],"curies":[{"name":"wp","href":"https:\/\/api.w.org\/{rel}","templated":true}]}}