{"id":222753,"date":"2022-03-10T16:47:25","date_gmt":"2022-03-10T14:47:25","guid":{"rendered":"http:\/\/107.6.182.27\/es\/?p=222753"},"modified":"2023-01-10T16:37:54","modified_gmt":"2023-01-10T14:37:54","slug":"bielorrusia-tropas-y-pertrechos-de-la-otan-llegan-a-europa","status":"publish","type":"post","link":"https:\/\/archive.sana.sy\/es\/?p=222753","title":{"rendered":"Bielorrusia: tropas y pertrechos de la OTAN llegan a Europa"},"content":{"rendered":"<p style=\"text-align: justify;\"><span style=\"color: #800000;\"><strong>Minsk, 10 mar (SANA)\u00a0 <\/strong><\/span>El ministro de Defensa bielorruso, Viktor Khrinin, advirti\u00f3 que la OTAN est\u00e1 fortaleciendo su ala oriental y desplegando fuerzas y equipos militares adicionales en Europa.<\/p>\n<p style=\"text-align: justify;\">&#8220;Estamos monitoreando lo que se desarrolla en la frontera occidental mientras escuchamos las declaraciones de varios pol\u00edticos y viendo c\u00f3mo se fortalece el ala oriental de la OTAN, con m\u00e1s de 10,000 tropas que llegaron a los pa\u00edses del oeste, a\u00f1\u00e1dales aquellos que participaron en los ejercicios del Atl\u00e1ntico&#8221;, dijo Khrinin, citado por la agencia de noticias Novosti.<\/p>\n<p style=\"text-align: justify;\">El Titular de Defensa agreg\u00f3 que su pa\u00eds sigue de cerca los refuerzos a\u00e9reos de la OTAN, y fustig\u00f3 que varias operaciones de reconocimiento se llevan a cabo cerca de la frontera occidental de Bielorrusia, adem\u00e1s arriban buques destructores al Mar B\u00e1ltico.<\/p>\n<p style=\"text-align: justify;\"><em><strong>ah\/rsh<\/strong><\/em><\/p>\n","protected":false},"excerpt":{"rendered":"<p>Minsk, 10 mar (SANA)\u00a0 El ministro de Defensa bielorruso, Viktor Khrinin, advirti\u00f3 que la OTAN est\u00e1 fortaleciendo su ala oriental y desplegando fuerzas y equipos militares adicionales en Europa. &#8220;Estamos monitoreando lo que se desarrolla en la frontera occidental mientras escuchamos las declaraciones de varios pol\u00edticos y viendo c\u00f3mo se fortalece el ala oriental de &hellip;<\/p>\n","protected":false},"author":30,"featured_media":222754,"comment_status":"closed","ping_status":"closed","sticky":false,"template":"","format":"standard","meta":{"footnotes":""},"categories":[597,456],"tags":[],"class_list":["post-222753","post","type-post","status-publish","format-standard","has-post-thumbnail","","category-cinta-de-noticias","category-arabe-internacional-politica"],"_links":{"self":[{"href":"https:\/\/archive.sana.sy\/es\/index.php?rest_route=\/wp\/v2\/posts\/222753"}],"collection":[{"href":"https:\/\/archive.sana.sy\/es\/index.php?rest_route=\/wp\/v2\/posts"}],"about":[{"href":"https:\/\/archive.sana.sy\/es\/index.php?rest_route=\/wp\/v2\/types\/post"}],"author":[{"embeddable":true,"href":"https:\/\/archive.sana.sy\/es\/index.php?rest_route=\/wp\/v2\/users\/30"}],"replies":[{"embeddable":true,"href":"https:\/\/archive.sana.sy\/es\/index.php?rest_route=%2Fwp%2Fv2%2Fcomments&post=222753"}],"version-history":[{"count":0,"href":"https:\/\/archive.sana.sy\/es\/index.php?rest_route=\/wp\/v2\/posts\/222753\/revisions"}],"wp:featuredmedia":[{"embeddable":true,"href":"https:\/\/archive.sana.sy\/es\/index.php?rest_route=\/wp\/v2\/media\/222754"}],"wp:attachment":[{"href":"https:\/\/archive.sana.sy\/es\/index.php?rest_route=%2Fwp%2Fv2%2Fmedia&parent=222753"}],"wp:term":[{"taxonomy":"category","embeddable":true,"href":"https:\/\/archive.sana.sy\/es\/index.php?rest_route=%2Fwp%2Fv2%2Fcategories&post=222753"},{"taxonomy":"post_tag","embeddable":true,"href":"https:\/\/archive.sana.sy\/es\/index.php?rest_route=%2Fwp%2Fv2%2Ftags&post=222753"}],"curies":[{"name":"wp","href":"https:\/\/api.w.org\/{rel}","templated":true}]}}