{"id":222756,"date":"2022-03-10T16:58:06","date_gmt":"2022-03-10T14:58:06","guid":{"rendered":"http:\/\/107.6.182.27\/es\/?p=222756"},"modified":"2022-03-10T16:58:06","modified_gmt":"2022-03-10T14:58:06","slug":"titular-de-administracion-local-examina-con-delegacion-de-la-oim-vias-de-activar-su-trabajo-en-siria","status":"publish","type":"post","link":"https:\/\/archive.sana.sy\/es\/?p=222756","title":{"rendered":"Titular de Administraci\u00f3n Local examina con delegaci\u00f3n de la OIM v\u00edas de activar su trabajo en Siria"},"content":{"rendered":"<p style=\"text-align: justify;\"><span style=\"color: #800000;\"><strong>Damasco, 10 mar (SANA)\u00a0 <\/strong><\/span>El ministro de Administraci\u00f3n Local y Medio Ambiente, Hussein Makhlouf, examin\u00f3 con una delegaci\u00f3n de la Organizaci\u00f3n Internacional para las Migraciones (OIM) encabezada por Igino Ambrossi c\u00f3mo fortalecer la cooperaci\u00f3n entre las dos partes, reabrir la oficina de la organizaci\u00f3n en Siria y trabajar de acuerdo con las prioridades establecidas por el gobierno sirio.<\/p>\n<p style=\"text-align: justify;\">Makhlouf destac\u00f3 durante la reuni\u00f3n celebrada en la sede del Ministerio que la prioridad del trabajo del gobierno sirio es proporcionar todo lo necesario para el regreso de los sirios desplazados del extranjero a su patria y crear las condiciones adecuadas para alentar su regreso.<\/p>\n<p style=\"text-align: justify;\">Se\u00f1al\u00f3 que las medidas tomadas al respecto, especialmente los decretos de amnist\u00eda y las facilidades proporcionadas a los retornados, contribuyen a su estabilidad mientras contin\u00faa el trabajo en la rehabilitaci\u00f3n de la infraestructura, los servicios b\u00e1sicos y la rehabilitaci\u00f3n de los hogares da\u00f1ados.<\/p>\n<p style=\"text-align: justify;\">Resalt\u00f3 los efectos negativos de las medidas coercitivas unilaterales impuestas por los pa\u00edses occidentales, adem\u00e1s de las ocupaciones estadounidense y turca, que afectan los aspectos de la vida cotidiana y los servicios b\u00e1sicos para los ciudadanos sirios, as\u00ed como debilitan la creaci\u00f3n de condiciones adecuadas para alentar a los refugiados a regresar a sus hogares.<\/p>\n<p style=\"text-align: justify;\">Por su parte, Ambrossi expres\u00f3 su deseo de revivir y reactivar la cooperaci\u00f3n entre la OIM y el gobierno sirio y trabajar en una atm\u00f3sfera de confianza mutua de acuerdo con las prioridades que sean acordadas.<\/p>\n<p style=\"text-align: justify;\">El funcionario elogi\u00f3 el apoyo brindado por el ministerio y el Comit\u00e9 de Alto Socorro para el \u00e9xito de la cooperaci\u00f3n y la acci\u00f3n conjunta.<\/p>\n<p style=\"text-align: justify;\"><em><strong>ah\/rsh<\/strong><\/em><\/p>\n","protected":false},"excerpt":{"rendered":"<p>Damasco, 10 mar (SANA)\u00a0 El ministro de Administraci\u00f3n Local y Medio Ambiente, Hussein Makhlouf, examin\u00f3 con una delegaci\u00f3n de la Organizaci\u00f3n Internacional para las Migraciones (OIM) encabezada por Igino Ambrossi c\u00f3mo fortalecer la cooperaci\u00f3n entre las dos partes, reabrir la oficina de la organizaci\u00f3n en Siria y trabajar de acuerdo con las prioridades establecidas por &hellip;<\/p>\n","protected":false},"author":30,"featured_media":222757,"comment_status":"closed","ping_status":"closed","sticky":false,"template":"","format":"standard","meta":{"footnotes":""},"categories":[447,597,476,457,7541],"tags":[],"class_list":["post-222756","post","type-post","status-publish","format-standard","has-post-thumbnail","","category-local-politica","category-cinta-de-noticias","category-locales","category-noticias-arabe-internacional-politica","category-ultimas-noticias"],"_links":{"self":[{"href":"https:\/\/archive.sana.sy\/es\/index.php?rest_route=\/wp\/v2\/posts\/222756"}],"collection":[{"href":"https:\/\/archive.sana.sy\/es\/index.php?rest_route=\/wp\/v2\/posts"}],"about":[{"href":"https:\/\/archive.sana.sy\/es\/index.php?rest_route=\/wp\/v2\/types\/post"}],"author":[{"embeddable":true,"href":"https:\/\/archive.sana.sy\/es\/index.php?rest_route=\/wp\/v2\/users\/30"}],"replies":[{"embeddable":true,"href":"https:\/\/archive.sana.sy\/es\/index.php?rest_route=%2Fwp%2Fv2%2Fcomments&post=222756"}],"version-history":[{"count":0,"href":"https:\/\/archive.sana.sy\/es\/index.php?rest_route=\/wp\/v2\/posts\/222756\/revisions"}],"wp:featuredmedia":[{"embeddable":true,"href":"https:\/\/archive.sana.sy\/es\/index.php?rest_route=\/wp\/v2\/media\/222757"}],"wp:attachment":[{"href":"https:\/\/archive.sana.sy\/es\/index.php?rest_route=%2Fwp%2Fv2%2Fmedia&parent=222756"}],"wp:term":[{"taxonomy":"category","embeddable":true,"href":"https:\/\/archive.sana.sy\/es\/index.php?rest_route=%2Fwp%2Fv2%2Fcategories&post=222756"},{"taxonomy":"post_tag","embeddable":true,"href":"https:\/\/archive.sana.sy\/es\/index.php?rest_route=%2Fwp%2Fv2%2Ftags&post=222756"}],"curies":[{"name":"wp","href":"https:\/\/api.w.org\/{rel}","templated":true}]}}