{"id":22276,"date":"2015-04-30T16:43:38","date_gmt":"2015-04-30T13:43:38","guid":{"rendered":"http:\/\/www.sana.sy\/es\/?p=22276"},"modified":"2015-04-30T16:59:13","modified_gmt":"2015-04-30T13:59:13","slug":"al-zoabi-el-mundo-correra-riesgos-en-caso-de-no-erradicar-el-terrorismo","status":"publish","type":"post","link":"https:\/\/archive.sana.sy\/es\/?p=22276","title":{"rendered":"Al-Zoabi: el mundo correr\u00e1 riesgos en caso de no erradicar el terrorismo"},"content":{"rendered":"<p><span style=\"color: #800000\">Damasco, SANA<\/span><\/p>\n<p>El ministro de Informaci\u00f3n, Omran al-Zoabi, se reuni\u00f3 este jueves con una delegaci\u00f3n integrada de miembros de la comunidad siria en Suecia y de acad\u00e9micos y periodistas suecos.<\/p>\n<p>Durante la reuni\u00f3n, el titular de Informaci\u00f3n aludi\u00f3 a la campa\u00f1a medi\u00e1tica desatada contra Siria desde hace a\u00f1os.<\/p>\n<p>Asimismo, aludi\u00f3 a los enormes peligros que correr\u00e1 el mundo en el caso de no erradicar el terrorismo lo antes posible.<\/p>\n<p>Por otro lado, el ministro al-Zoabi hizo hincapi\u00e9 en que el Gobierno sirio est\u00e1 comprometido con cualquier esfuerzo encaminado a acercar las posturas entre los bandos sirios, aludiendo que el problema reside en algunos opositores que reciben \u00f3rdenes y dict\u00e1menes por parte de pa\u00edses regionales y \u00e1rabes.<\/p>\n<p>En este marco, acot\u00f3 que cualquier proceso pol\u00edtico ser\u00e1 in\u00fatil si los pa\u00edses del mundo no se esfuerzan para apoyar a Siria en su guerra contra las organizaciones terroristas.<\/p>\n<p>A su vez, el presidente de la delegaci\u00f3n, Sabri Ayoub, destac\u00f3 que la delegaci\u00f3n sueca lleg\u00f3 a Siria para examinar de cerca la realidad de los acontecimientos en la misma y transmitir la verdadera imagen a la opini\u00f3n p\u00fablica en su pa\u00eds.<\/p>\n<p>Lynn A., Fady M.<\/p>\n","protected":false},"excerpt":{"rendered":"<p>Damasco, SANA El ministro de Informaci\u00f3n, Omran al-Zoabi, se reuni\u00f3 este jueves con una delegaci\u00f3n integrada de miembros de la comunidad siria en Suecia y de acad\u00e9micos y periodistas suecos. Durante la reuni\u00f3n, el titular de Informaci\u00f3n aludi\u00f3 a la campa\u00f1a medi\u00e1tica desatada contra Siria desde hace a\u00f1os. Asimismo, aludi\u00f3 a los enormes peligros que &hellip;<\/p>\n","protected":false},"author":24,"featured_media":22278,"comment_status":"closed","ping_status":"closed","sticky":false,"template":"","format":"standard","meta":{"footnotes":""},"categories":[477,476],"tags":[5072],"class_list":["post-22276","post","type-post","status-publish","format-standard","has-post-thumbnail","","category-noticias-edulcorantes","category-locales","tag-al-zoabi-el-mundo-correra-riesgos-en-caso-de-no-erradicar-el-terrorismo"],"_links":{"self":[{"href":"https:\/\/archive.sana.sy\/es\/index.php?rest_route=\/wp\/v2\/posts\/22276"}],"collection":[{"href":"https:\/\/archive.sana.sy\/es\/index.php?rest_route=\/wp\/v2\/posts"}],"about":[{"href":"https:\/\/archive.sana.sy\/es\/index.php?rest_route=\/wp\/v2\/types\/post"}],"author":[{"embeddable":true,"href":"https:\/\/archive.sana.sy\/es\/index.php?rest_route=\/wp\/v2\/users\/24"}],"replies":[{"embeddable":true,"href":"https:\/\/archive.sana.sy\/es\/index.php?rest_route=%2Fwp%2Fv2%2Fcomments&post=22276"}],"version-history":[{"count":0,"href":"https:\/\/archive.sana.sy\/es\/index.php?rest_route=\/wp\/v2\/posts\/22276\/revisions"}],"wp:featuredmedia":[{"embeddable":true,"href":"https:\/\/archive.sana.sy\/es\/index.php?rest_route=\/wp\/v2\/media\/22278"}],"wp:attachment":[{"href":"https:\/\/archive.sana.sy\/es\/index.php?rest_route=%2Fwp%2Fv2%2Fmedia&parent=22276"}],"wp:term":[{"taxonomy":"category","embeddable":true,"href":"https:\/\/archive.sana.sy\/es\/index.php?rest_route=%2Fwp%2Fv2%2Fcategories&post=22276"},{"taxonomy":"post_tag","embeddable":true,"href":"https:\/\/archive.sana.sy\/es\/index.php?rest_route=%2Fwp%2Fv2%2Ftags&post=22276"}],"curies":[{"name":"wp","href":"https:\/\/api.w.org\/{rel}","templated":true}]}}