{"id":222762,"date":"2022-03-10T17:16:23","date_gmt":"2022-03-10T15:16:23","guid":{"rendered":"http:\/\/107.6.182.27\/es\/?p=222762"},"modified":"2022-03-10T17:16:23","modified_gmt":"2022-03-10T15:16:23","slug":"el-atlantismo-radical-se-apodera-de-la-ue-y-la-hunde","status":"publish","type":"post","link":"https:\/\/archive.sana.sy\/es\/?p=222762","title":{"rendered":"El &#8220;atlantismo radical&#8221; se apodera de la UE y la hunde"},"content":{"rendered":"<p style=\"text-align: justify;\"><span style=\"color: #800000;\"><strong>Damasco, 10 mar (SANA)<\/strong><\/span> &#8220;El atlantismo radical que se apoder\u00f3 de la narrativa medi\u00e1tica y de las decisiones pol\u00edticas en la Uni\u00f3n Europea [UE] va en contra de los intereses de la ciudadan\u00eda comunitaria y atenta contra la soberan\u00eda de las naciones del Viejo Continente&#8221;.<\/p>\n<p style=\"text-align: justify;\">El &#8220;atlantismo radical&#8221; que se apoder\u00f3 de la narrativa medi\u00e1tica y de las decisiones pol\u00edticas en la Uni\u00f3n Europea [UE] va en contra de los intereses de la ciudadan\u00eda comunitaria y atenta contra la soberan\u00eda de las naciones del Viejo Continente, seg\u00fan Juan Antonio de Castro, Dr. en Ciencias Econ\u00f3micas.<\/p>\n<p style=\"text-align: justify;\">El experto, profesor de Econom\u00eda Internacional y del Desarrollo en la Universidad Complutense de Madrid, constat\u00f3 que tras la prohibici\u00f3n en la UE de los medios internacionales rusos Sputnik y RT, las \u00fanicas \u2018fuentes\u2019 sobre el conflicto de Ucrania son individuos como Nicol\u00e1s de Pedro, investigador del Institute for Statecraft, uno de los tantos \u2018think tanks\u2019 al servicio del atlantismo, dedic\u00e1ndose a promover la agenda de EEUU y la OTAN. Esta ONG en concreto tiene un especial \u2018inter\u00e9s\u2019 en Rusia y China, donde todas sus \u2018investigaciones\u2019 concluyen que Occidente debe ejercer la m\u00e1xima dureza contra Mosc\u00fa y Pek\u00edn.<\/p>\n<p style=\"text-align: justify;\">Seg\u00fan Antonio de Castro, las intervenciones de estas figuras en la prensa son muy sesgadas y manipuladoras, sin que se ofrezca ninguna informaci\u00f3n respecto a los hechos que precedieron a la decisi\u00f3n de Rusia de lanzar una operaci\u00f3n especial en Ucrania.<\/p>\n<p style=\"text-align: justify;\">En este contexto, insisti\u00f3 en que \u201chay que conocer lo que ha pasado en 2014\u201d, refiri\u00e9ndose al golpe de Estado en este pa\u00eds, as\u00ed como a la \u201crepresi\u00f3n\u201d del r\u00e9gimen golpista contra Donb\u00e1s.<\/p>\n<p style=\"text-align: justify;\">Para el experto, es el desconocimiento lo que crea una tierra f\u00e9rtil para generar un \u201calineamiento\u201d cada vez m\u00e1s \u201cclaro\u201d de la opini\u00f3n p\u00fablica con el atlantismo, algo que favorece a EEUU, al tiempo que el precio para la UE, incluido el precio econ\u00f3mico, es \u201cenorme\u201d.<\/p>\n<p style=\"text-align: justify;\"><span style=\"color: #0000ff;\"><strong>Fuente: Sputnik<\/strong><\/span><\/p>\n","protected":false},"excerpt":{"rendered":"<p>Damasco, 10 mar (SANA) &#8220;El atlantismo radical que se apoder\u00f3 de la narrativa medi\u00e1tica y de las decisiones pol\u00edticas en la Uni\u00f3n Europea [UE] va en contra de los intereses de la ciudadan\u00eda comunitaria y atenta contra la soberan\u00eda de las naciones del Viejo Continente&#8221;. El &#8220;atlantismo radical&#8221; que se apoder\u00f3 de la narrativa medi\u00e1tica &hellip;<\/p>\n","protected":false},"author":30,"featured_media":222763,"comment_status":"closed","ping_status":"closed","sticky":false,"template":"","format":"standard","meta":{"footnotes":""},"categories":[16929,597,7541],"tags":[],"class_list":["post-222762","post","type-post","status-publish","format-standard","has-post-thumbnail","","category-articulos-de-opinion","category-cinta-de-noticias","category-ultimas-noticias"],"_links":{"self":[{"href":"https:\/\/archive.sana.sy\/es\/index.php?rest_route=\/wp\/v2\/posts\/222762"}],"collection":[{"href":"https:\/\/archive.sana.sy\/es\/index.php?rest_route=\/wp\/v2\/posts"}],"about":[{"href":"https:\/\/archive.sana.sy\/es\/index.php?rest_route=\/wp\/v2\/types\/post"}],"author":[{"embeddable":true,"href":"https:\/\/archive.sana.sy\/es\/index.php?rest_route=\/wp\/v2\/users\/30"}],"replies":[{"embeddable":true,"href":"https:\/\/archive.sana.sy\/es\/index.php?rest_route=%2Fwp%2Fv2%2Fcomments&post=222762"}],"version-history":[{"count":0,"href":"https:\/\/archive.sana.sy\/es\/index.php?rest_route=\/wp\/v2\/posts\/222762\/revisions"}],"wp:featuredmedia":[{"embeddable":true,"href":"https:\/\/archive.sana.sy\/es\/index.php?rest_route=\/wp\/v2\/media\/222763"}],"wp:attachment":[{"href":"https:\/\/archive.sana.sy\/es\/index.php?rest_route=%2Fwp%2Fv2%2Fmedia&parent=222762"}],"wp:term":[{"taxonomy":"category","embeddable":true,"href":"https:\/\/archive.sana.sy\/es\/index.php?rest_route=%2Fwp%2Fv2%2Fcategories&post=222762"},{"taxonomy":"post_tag","embeddable":true,"href":"https:\/\/archive.sana.sy\/es\/index.php?rest_route=%2Fwp%2Fv2%2Ftags&post=222762"}],"curies":[{"name":"wp","href":"https:\/\/api.w.org\/{rel}","templated":true}]}}