{"id":22279,"date":"2015-04-30T17:10:55","date_gmt":"2015-04-30T14:10:55","guid":{"rendered":"http:\/\/www.sana.sy\/es\/?p=22279"},"modified":"2015-04-30T17:10:55","modified_gmt":"2015-04-30T14:10:55","slug":"moscu-no-ha-decidido-aun-el-nivel-de-su-representacion-en-las-proximas-conversaciones-sobre-la-crisis-siria","status":"publish","type":"post","link":"https:\/\/archive.sana.sy\/es\/?p=22279","title":{"rendered":"Mosc\u00fa no ha decidido a\u00fan el nivel de su representaci\u00f3n en las pr\u00f3ximas conversaciones sobre la crisis siria"},"content":{"rendered":"<p><span style=\"color: #800000\">Mosc\u00fa, SANA<\/span><\/p>\n<p>El vicecanciller ruso, Guennady Gatilov, anunci\u00f3 que Mosc\u00fa a\u00fan no ha decidido el nivel de su participaci\u00f3n en las negociaciones sobre la crisis en Siria, que se celebrar\u00e1n el 4 del pr\u00f3ximo mes de mayo.<\/p>\n<p>En declaraciones concedidas este jueves a la prensa, Gatilov se\u00f1al\u00f3 que Rusia acudir\u00e1 a estas conversaciones despu\u00e9s de haber recibido una invitaci\u00f3n por parte del enviado especial de la ONU, Staffan de Mistura.<\/p>\n<p>El Vicecanciller ruso destac\u00f3 la necesidad de adoptar medidas para reanudar el di\u00e1logo pol\u00edtico intersirio, agregando que la iniciativa de De Mistura de sostener reuniones por separado con los representantes de los bandos opositores y el Gobierno sirio merece ser apoyada.<\/p>\n<p>En cuanto al nivel de la representaci\u00f3n rusa en estas reuniones, el alto funcionario ruso a\u00f1adi\u00f3 que Rusia lo decidir\u00e1 poco antes del inicio de las conversaciones.<\/p>\n<p>En este contexto, Gatilov dijo que al principio De Mistura se entrevistar\u00e1 con las figuras de la \u201coposici\u00f3n siria\u201d y luego con la delegaci\u00f3n del Gobierno sirio; a continuaci\u00f3n, Rusia y otros pa\u00edses con EEUU, Turqu\u00eda, Ir\u00e1n y Egipto se sumar\u00e1n a las conversaciones.<\/p>\n<p>Lynn A., Fady M.<\/p>\n","protected":false},"excerpt":{"rendered":"<p>Mosc\u00fa, SANA El vicecanciller ruso, Guennady Gatilov, anunci\u00f3 que Mosc\u00fa a\u00fan no ha decidido el nivel de su participaci\u00f3n en las negociaciones sobre la crisis en Siria, que se celebrar\u00e1n el 4 del pr\u00f3ximo mes de mayo. En declaraciones concedidas este jueves a la prensa, Gatilov se\u00f1al\u00f3 que Rusia acudir\u00e1 a estas conversaciones despu\u00e9s de &hellip;<\/p>\n","protected":false},"author":24,"featured_media":10802,"comment_status":"closed","ping_status":"closed","sticky":false,"template":"","format":"standard","meta":{"footnotes":""},"categories":[597,456,457,576],"tags":[5073],"class_list":["post-22279","post","type-post","status-publish","format-standard","has-post-thumbnail","","category-cinta-de-noticias","category-arabe-internacional-politica","category-noticias-arabe-internacional-politica","category-noticias-politicas","tag-moscu-no-ha-decidido-aun-el-nivel-de-su-representacion-en-las-proximas-conversaciones-sobre-la-crisis-siria"],"_links":{"self":[{"href":"https:\/\/archive.sana.sy\/es\/index.php?rest_route=\/wp\/v2\/posts\/22279"}],"collection":[{"href":"https:\/\/archive.sana.sy\/es\/index.php?rest_route=\/wp\/v2\/posts"}],"about":[{"href":"https:\/\/archive.sana.sy\/es\/index.php?rest_route=\/wp\/v2\/types\/post"}],"author":[{"embeddable":true,"href":"https:\/\/archive.sana.sy\/es\/index.php?rest_route=\/wp\/v2\/users\/24"}],"replies":[{"embeddable":true,"href":"https:\/\/archive.sana.sy\/es\/index.php?rest_route=%2Fwp%2Fv2%2Fcomments&post=22279"}],"version-history":[{"count":0,"href":"https:\/\/archive.sana.sy\/es\/index.php?rest_route=\/wp\/v2\/posts\/22279\/revisions"}],"wp:featuredmedia":[{"embeddable":true,"href":"https:\/\/archive.sana.sy\/es\/index.php?rest_route=\/wp\/v2\/media\/10802"}],"wp:attachment":[{"href":"https:\/\/archive.sana.sy\/es\/index.php?rest_route=%2Fwp%2Fv2%2Fmedia&parent=22279"}],"wp:term":[{"taxonomy":"category","embeddable":true,"href":"https:\/\/archive.sana.sy\/es\/index.php?rest_route=%2Fwp%2Fv2%2Fcategories&post=22279"},{"taxonomy":"post_tag","embeddable":true,"href":"https:\/\/archive.sana.sy\/es\/index.php?rest_route=%2Fwp%2Fv2%2Ftags&post=22279"}],"curies":[{"name":"wp","href":"https:\/\/api.w.org\/{rel}","templated":true}]}}